{"id":970,"date":"2026-07-24T10:22:10","date_gmt":"2026-07-24T10:22:10","guid":{"rendered":"https:\/\/indochinapost.com\/fr\/?p=970"},"modified":"2026-07-24T10:22:10","modified_gmt":"2026-07-24T10:22:10","slug":"la-france-evacue-toute-la-presquile-de-cap-ferret-en-raison-dun-important-incendie-de-foret","status":"publish","type":"post","link":"https:\/\/indochinapost.com\/fr\/la-france-evacue-toute-la-presquile-de-cap-ferret-en-raison-dun-important-incendie-de-foret\/","title":{"rendered":"La France \u00e9vacue toute la presqu&#8217;\u00eele de Cap Ferret en raison d&#8217;un important incendie de for\u00eat"},"content":{"rendered":"<h1 class=\"PDq2pG_selectionAnchorContainer\" data-section-id=\"dgw4m\" data-start=\"0\" data-end=\"99\"><strong><span role=\"text\">La France \u00e9vacue toute la presqu&#8217;\u00eele de Cap Ferret en raison d&#8217;un important incendie de for\u00eat<\/span><\/strong><\/h1>\n<p data-start=\"101\" data-end=\"516\">Les <strong data-start=\"105\" data-end=\"137\">incendies de for\u00eat en France<\/strong> continuent de s&#8217;aggraver. Les autorit\u00e9s fran\u00e7aises ont ordonn\u00e9 <strong data-start=\"201\" data-end=\"257\">l&#8217;\u00e9vacuation compl\u00e8te de la presqu&#8217;\u00eele de Cap Ferret<\/strong>, l&#8217;une des destinations baln\u00e9aires les plus pris\u00e9es de la c\u00f4te Atlantique. Des dizaines de milliers de personnes ont d\u00fb quitter la r\u00e9gion, tandis que les pompiers, appuy\u00e9s par d&#8217;importants moyens a\u00e9riens, poursuivent leurs efforts pour ma\u00eetriser les flammes.<\/p>\n<h2 data-section-id=\"1cx54mb\" data-start=\"518\" data-end=\"572\"><strong>\u00c9vacuation d&#8217;urgence de la presqu&#8217;\u00eele de Cap Ferret<\/strong><\/h2>\n<p data-start=\"574\" data-end=\"839\">Le <strong data-start=\"577\" data-end=\"591\">23 juillet<\/strong>, les autorit\u00e9s fran\u00e7aises ont ordonn\u00e9 l&#8217;\u00e9vacuation de tous les habitants et touristes pr\u00e9sents sur la <strong data-start=\"694\" data-end=\"722\">presqu&#8217;\u00eele de Cap Ferret<\/strong>, situ\u00e9e dans le sud-ouest de la France, en raison de la progression rapide d&#8217;un incendie de for\u00eat de grande ampleur.<\/p>\n<p data-start=\"841\" data-end=\"1067\">Selon les autorit\u00e9s locales, <strong data-start=\"870\" data-end=\"923\">plus de 400 personnes ont \u00e9t\u00e9 \u00e9vacu\u00e9es par bateau<\/strong>, tandis que plusieurs axes routiers restent sous contr\u00f4le afin de garantir la s\u00e9curit\u00e9 des op\u00e9rations de secours et de lutte contre l&#8217;incendie.<\/p>\n<p data-start=\"1069\" data-end=\"1295\">Cap Ferret est une station baln\u00e9aire r\u00e9put\u00e9e pour ses villas de prestige, ses plages et son importante fr\u00e9quentation touristique durant la saison estivale. L&#8217;\u00e9vacuation totale de la zone t\u00e9moigne de la gravit\u00e9 de la situation.<\/p>\n<figure style=\"width: 1020px\" class=\"wp-caption alignnone\"><img loading=\"lazy\" decoding=\"async\" src=\"https:\/\/i1-vnexpress.vnecdn.net\/2026\/07\/24\/ChatGPT-Image-15-39-45-24-thg-4195-2846-1784882472.png?w=1020&amp;h=0&amp;q=100&amp;dpr=1&amp;fit=crop&amp;s=tZ6bNf7UHOoLPi4Q1qX26Q\" alt=\"La France \u00e9vacue toute la presqu'\u00eele de Cap Ferret en raison d'un important incendie de for\u00eat\" width=\"1020\" height=\"680\" \/><figcaption class=\"wp-caption-text\">La France \u00e9vacue toute la presqu&#8217;\u00eele de Cap Ferret en raison d&#8217;un important incendie de for\u00eat<\/figcaption><\/figure>\n<h2 data-section-id=\"14lrnof\" data-start=\"1297\" data-end=\"1347\"><strong>Des milliers d&#8217;hectares ravag\u00e9s par les flammes<\/strong><\/h2>\n<p data-start=\"1349\" data-end=\"1527\">D&#8217;apr\u00e8s les premi\u00e8res estimations, l&#8217;incendie a d\u00e9j\u00e0 <strong data-start=\"1402\" data-end=\"1445\">d\u00e9truit environ 8 700 hectares de for\u00eat<\/strong> et continue de progresser sous l&#8217;effet des fortes chaleurs et des vents soutenus.<\/p>\n<p data-start=\"1529\" data-end=\"1752\">Des centaines de sapeurs-pompiers, \u00e9paul\u00e9s par des avions bombardiers d&#8217;eau, sont mobilis\u00e9s pour tenter de contenir le feu. Toutefois, les conditions m\u00e9t\u00e9orologiques d\u00e9favorables compliquent consid\u00e9rablement les op\u00e9rations.<\/p>\n<p data-start=\"1754\" data-end=\"1821\">Le ministre fran\u00e7ais de l&#8217;Int\u00e9rieur, <strong data-start=\"1791\" data-end=\"1808\">Laurent Nunez<\/strong>, a d\u00e9clar\u00e9 :<\/p>\n<blockquote data-start=\"1823\" data-end=\"1953\">\n<p data-start=\"1825\" data-end=\"1953\"><em data-start=\"1825\" data-end=\"1953\">\u00ab Nos forces sont v\u00e9ritablement engag\u00e9es dans une bataille contre les incendies de for\u00eat. Toute la nation est \u00e0 leurs c\u00f4t\u00e9s. \u00bb<\/em><\/p>\n<\/blockquote>\n<h2 data-section-id=\"brlllx\" data-start=\"1955\" data-end=\"2004\"><strong>Plusieurs incendies se d\u00e9clarent simultan\u00e9ment<\/strong><\/h2>\n<p data-start=\"2006\" data-end=\"2133\">Parall\u00e8lement \u00e0 l&#8217;incendie de Cap Ferret, un autre foyer s&#8217;est d\u00e9clar\u00e9 pr\u00e8s de <strong data-start=\"2085\" data-end=\"2100\">Biscarrosse<\/strong>, \u00e0 environ 40 kilom\u00e8tres au sud.<\/p>\n<p data-start=\"2135\" data-end=\"2164\">Selon les autorit\u00e9s locales :<\/p>\n<ul data-start=\"2166\" data-end=\"2389\">\n<li data-section-id=\"kzczep\" data-start=\"2166\" data-end=\"2213\">Plus de <strong data-start=\"2176\" data-end=\"2194\">2 500 hectares<\/strong> ont \u00e9t\u00e9 d\u00e9truits ;<\/li>\n<li data-section-id=\"3peqny\" data-start=\"2214\" data-end=\"2263\">Environ <strong data-start=\"2224\" data-end=\"2244\">23 000 personnes<\/strong> ont \u00e9t\u00e9 \u00e9vacu\u00e9es ;<\/li>\n<li data-section-id=\"1k52aul\" data-start=\"2264\" data-end=\"2389\">Plusieurs campings, une colonie de vacances et un \u00e9tablissement accueillant des personnes \u00e2g\u00e9es ont \u00e9t\u00e9 \u00e9vacu\u00e9s en urgence.<\/li>\n<\/ul>\n<p data-start=\"2391\" data-end=\"2572\">Le pr\u00e9fet des Landes, <strong data-start=\"2413\" data-end=\"2432\">Gilles Clavreul<\/strong>, a indiqu\u00e9 que les vents forts favorisaient une propagation rapide des flammes et que la situation demeurait particuli\u00e8rement pr\u00e9occupante.<\/p>\n<p data-start=\"2574\" data-end=\"2695\">Il a \u00e9galement appel\u00e9 les agriculteurs de la r\u00e9gion \u00e0 soutenir les secours en mettant \u00e0 disposition leurs citernes d&#8217;eau.<\/p>\n<h2 data-section-id=\"96mcvj\" data-start=\"2697\" data-end=\"2755\"><strong>Les vagues de chaleur aggravent les incendies en Europe<\/strong><\/h2>\n<p data-start=\"2757\" data-end=\"2896\">Cet \u00e9t\u00e9, l&#8217;Europe a connu <strong data-start=\"2783\" data-end=\"2822\">trois vagues de chaleur successives<\/strong>, entra\u00eenant une s\u00e9cheresse importante et un ass\u00e8chement de la v\u00e9g\u00e9tation.<\/p>\n<p data-start=\"2898\" data-end=\"3180\">Ces conditions climatiques exceptionnelles ont favoris\u00e9 la multiplication des incendies de for\u00eat, dont la superficie d\u00e9passe d\u00e9sormais la moyenne enregistr\u00e9e au cours des deux derni\u00e8res d\u00e9cennies. Les fortes chaleurs sont \u00e9galement \u00e0 l&#8217;origine de milliers de d\u00e9c\u00e8s sur le continent.<\/p>\n<p data-start=\"3182\" data-end=\"3281\">La France figure parmi les pays europ\u00e9ens les plus touch\u00e9s par ces ph\u00e9nom\u00e8nes climatiques extr\u00eames.<\/p>\n<h2 data-section-id=\"lh9f3o\" data-start=\"3283\" data-end=\"3334\"><strong>La France sollicite l&#8217;aide de l&#8217;Union europ\u00e9enne<\/strong><\/h2>\n<p data-start=\"3336\" data-end=\"3566\">Face \u00e0 l&#8217;ampleur des incendies, le pr\u00e9sident <strong data-start=\"3381\" data-end=\"3400\">Emmanuel Macron<\/strong> a annonc\u00e9 que la France avait demand\u00e9 l&#8217;activation du <strong data-start=\"3455\" data-end=\"3511\">M\u00e9canisme de protection civile de l&#8217;Union europ\u00e9enne<\/strong> afin de renforcer les moyens de lutte contre les feux.<\/p>\n<p data-start=\"3568\" data-end=\"3610\">La France devrait prochainement recevoir :<\/p>\n<ul data-start=\"3612\" data-end=\"3820\">\n<li data-section-id=\"c39rge\" data-start=\"3612\" data-end=\"3683\">Deux avions bombardiers d&#8217;eau <strong data-start=\"3644\" data-end=\"3656\">Canadair<\/strong> en provenance de Croatie ;<\/li>\n<li data-section-id=\"1moog8j\" data-start=\"3684\" data-end=\"3727\">Deux avions <strong data-start=\"3698\" data-end=\"3713\">Air Tractor<\/strong> du Portugal ;<\/li>\n<li data-section-id=\"s79b2a\" data-start=\"3728\" data-end=\"3820\">Deux h\u00e9licopt\u00e8res lourds <strong data-start=\"3755\" data-end=\"3769\">Black Hawk<\/strong> fournis par la R\u00e9publique tch\u00e8que et la Slovaquie.<\/li>\n<\/ul>\n<p data-start=\"3822\" data-end=\"3960\">Cette coop\u00e9ration europ\u00e9enne devrait permettre d&#8217;am\u00e9liorer les capacit\u00e9s d&#8217;intervention et de limiter les d\u00e9g\u00e2ts caus\u00e9s par les incendies.<\/p>\n<h2 data-section-id=\"8dtpi\" data-start=\"3962\" data-end=\"3975\"><strong>Conclusion<\/strong><\/h2>\n<p data-start=\"3977\" data-end=\"4370\">Les <strong data-start=\"3981\" data-end=\"4013\">incendies de for\u00eat en France<\/strong> illustrent une nouvelle fois les cons\u00e9quences du changement climatique et des \u00e9pisodes de chaleur extr\u00eame qui frappent l&#8217;Europe. Alors que les risques d&#8217;incendie augmentent chaque ann\u00e9e, le renforcement des moyens de pr\u00e9vention, la coop\u00e9ration internationale et une meilleure gestion des catastrophes naturelles apparaissent plus que jamais indispensables.<\/p>\n<p><strong>\u00c0 consulter \u00e9galement :<\/strong><\/p>\n<p><a href=\"https:\/\/indochinapost.com\/fr\/expediez-vos-sacs-en-tissu-brode-de-lang-son-vers-le-luxembourg-avec-indochinapost\/\">Exp\u00e9diez vos sacs en tissu brod\u00e9 de L\u1ea1ng S\u01a1n vers le Luxembourg avec IndochinaPost<\/a>,<\/p>\n<p><a href=\"https:\/\/indochinapost.com\/fr\/expedition-de-chaussures-de-hanoi-vers-la-france-a-prix-abordable\/\">Exp\u00e9dition de chaussures de Hano\u00ef vers la France \u00e0 prix\u00a0<\/a>abordable,<\/p>\n<p><a href=\"https:\/\/indochinapost.com\/fr\/service-de-transport-aerien-pour-lenvoi-darticles-menagers-de-hanoi-vers-la-france-rapide-fiable-au-meilleur-prix\/\">Service de Transport A\u00e9rien pour l&#8217;Envoi d&#8217;Articles M\u00e9nagers de Hano\u00ef vers la France<\/a><\/p>\n<p data-start=\"3977\" data-end=\"4370\">\n\n\n<div class=\"kk-star-ratings kksr-auto kksr-align-left kksr-valign-bottom\"\n    data-payload='{&quot;align&quot;:&quot;left&quot;,&quot;id&quot;:&quot;970&quot;,&quot;slug&quot;:&quot;default&quot;,&quot;valign&quot;:&quot;bottom&quot;,&quot;ignore&quot;:&quot;&quot;,&quot;reference&quot;:&quot;auto&quot;,&quot;class&quot;:&quot;&quot;,&quot;count&quot;:&quot;0&quot;,&quot;legendonly&quot;:&quot;&quot;,&quot;readonly&quot;:&quot;&quot;,&quot;score&quot;:&quot;0&quot;,&quot;starsonly&quot;:&quot;&quot;,&quot;best&quot;:&quot;5&quot;,&quot;gap&quot;:&quot;5&quot;,&quot;greet&quot;:&quot;Rate this post&quot;,&quot;legend&quot;:&quot;0\\\/5 - (0 b\u00ecnh ch\u1ecdn)&quot;,&quot;size&quot;:&quot;24&quot;,&quot;title&quot;:&quot;La France \u00e9vacue toute la presqu\\u0026#039;\u00eele de Cap Ferret en raison d\\u0026#039;un important incendie de for\u00eat&quot;,&quot;width&quot;:&quot;0&quot;,&quot;_legend&quot;:&quot;{score}\\\/{best} - ({count} {votes})&quot;,&quot;font_factor&quot;:&quot;1.25&quot;}'>\n            \n<div class=\"kksr-stars\">\n    \n<div class=\"kksr-stars-inactive\">\n            <div class=\"kksr-star\" data-star=\"1\" style=\"padding-right: 5px\">\n            \n\n<div class=\"kksr-icon\" style=\"width: 24px; height: 24px;\"><\/div>\n        <\/div>\n            <div class=\"kksr-star\" data-star=\"2\" style=\"padding-right: 5px\">\n            \n\n<div class=\"kksr-icon\" style=\"width: 24px; height: 24px;\"><\/div>\n        <\/div>\n            <div class=\"kksr-star\" data-star=\"3\" style=\"padding-right: 5px\">\n            \n\n<div class=\"kksr-icon\" style=\"width: 24px; height: 24px;\"><\/div>\n        <\/div>\n            <div class=\"kksr-star\" data-star=\"4\" style=\"padding-right: 5px\">\n            \n\n<div class=\"kksr-icon\" style=\"width: 24px; height: 24px;\"><\/div>\n        <\/div>\n            <div class=\"kksr-star\" data-star=\"5\" style=\"padding-right: 5px\">\n            \n\n<div class=\"kksr-icon\" style=\"width: 24px; height: 24px;\"><\/div>\n        <\/div>\n    <\/div>\n    \n<div class=\"kksr-stars-active\" style=\"width: 0px;\">\n            <div class=\"kksr-star\" style=\"padding-right: 5px\">\n            \n\n<div class=\"kksr-icon\" style=\"width: 24px; height: 24px;\"><\/div>\n        <\/div>\n            <div class=\"kksr-star\" style=\"padding-right: 5px\">\n            \n\n<div class=\"kksr-icon\" style=\"width: 24px; height: 24px;\"><\/div>\n        <\/div>\n            <div class=\"kksr-star\" style=\"padding-right: 5px\">\n            \n\n<div class=\"kksr-icon\" style=\"width: 24px; height: 24px;\"><\/div>\n        <\/div>\n            <div class=\"kksr-star\" style=\"padding-right: 5px\">\n            \n\n<div class=\"kksr-icon\" style=\"width: 24px; height: 24px;\"><\/div>\n        <\/div>\n            <div class=\"kksr-star\" style=\"padding-right: 5px\">\n            \n\n<div class=\"kksr-icon\" style=\"width: 24px; height: 24px;\"><\/div>\n        <\/div>\n    <\/div>\n<\/div>\n                \n\n<div class=\"kksr-legend\" style=\"font-size: 19.2px;\">\n            <span class=\"kksr-muted\">Rate this post<\/span>\n    <\/div>\n    <\/div>\n","protected":false},"excerpt":{"rendered":"<p>La France \u00e9vacue toute la presqu&#8217;\u00eele de Cap Ferret en raison d&#8217;un important incendie de for\u00eat Les incendies de for\u00eat en France continuent de s&#8217;aggraver. Les autorit\u00e9s fran\u00e7aises ont ordonn\u00e9 l&#8217;\u00e9vacuation compl\u00e8te de la presqu&#8217;\u00eele de Cap Ferret, l&#8217;une des destinations baln\u00e9aires les plus pris\u00e9es de la c\u00f4te Atlantique. Des dizaines de milliers de personnes [&#8230;]\n","protected":false},"author":2,"featured_media":972,"comment_status":"open","ping_status":"open","sticky":false,"template":"","format":"standard","meta":{"footnotes":""},"categories":[35],"tags":[],"class_list":["post-970","post","type-post","status-publish","format-standard","has-post-thumbnail","hentry","category-tin-tuc"],"acf":[],"yoast_head":"<!-- This site is optimized with the Yoast SEO Premium plugin v20.13 (Yoast SEO v27.6) - https:\/\/yoast.com\/product\/yoast-seo-premium-wordpress\/ -->\n<title>La France \u00e9vacue toute la presqu&#039;\u00eele de Cap Ferret en raison d&#039;un important incendie de for\u00eat - INDOCHINAPOST FRANCE<\/title>\n<meta name=\"robots\" content=\"index, follow, max-snippet:-1, max-image-preview:large, max-video-preview:-1\" \/>\n<link rel=\"canonical\" href=\"https:\/\/indochinapost.com\/fr\/la-france-evacue-toute-la-presquile-de-cap-ferret-en-raison-dun-important-incendie-de-foret\/\" \/>\n<meta property=\"og:locale\" content=\"vi_VN\" \/>\n<meta property=\"og:type\" content=\"article\" \/>\n<meta property=\"og:title\" content=\"La France \u00e9vacue toute la presqu&#039;\u00eele de Cap Ferret en raison d&#039;un important incendie de for\u00eat\" \/>\n<meta property=\"og:description\" content=\"La France \u00e9vacue toute la presqu&#8217;\u00eele de Cap Ferret en raison d&#8217;un important incendie de for\u00eat Les incendies de for\u00eat en France continuent de s&#8217;aggraver. Les autorit\u00e9s fran\u00e7aises ont ordonn\u00e9 l&#8217;\u00e9vacuation compl\u00e8te de la presqu&#8217;\u00eele de Cap Ferret, l&#8217;une des destinations baln\u00e9aires les plus pris\u00e9es de la c\u00f4te Atlantique. Des dizaines de milliers de personnes [...]\" \/>\n<meta property=\"og:url\" content=\"https:\/\/indochinapost.com\/fr\/la-france-evacue-toute-la-presquile-de-cap-ferret-en-raison-dun-important-incendie-de-foret\/\" \/>\n<meta property=\"og:site_name\" content=\"INDOCHINAPOST FRANCE\" \/>\n<meta property=\"article:published_time\" content=\"2026-07-24T10:22:10+00:00\" \/>\n<meta property=\"og:image\" content=\"https:\/\/indochinapost.com\/fr\/wp-content\/uploads\/2026\/07\/1784888369850_550640352062021664_3956672313742876012_2d5a6a34112dff2eebe62a33c6ef91e7.jpg\" \/>\n\t<meta property=\"og:image:width\" content=\"2040\" \/>\n\t<meta property=\"og:image:height\" content=\"1360\" \/>\n\t<meta property=\"og:image:type\" content=\"image\/jpeg\" \/>\n<meta name=\"author\" content=\"EuHN1\" \/>\n<meta name=\"twitter:card\" content=\"summary_large_image\" \/>\n<meta name=\"twitter:label1\" content=\"\u0110\u01b0\u1ee3c vi\u1ebft b\u1edfi\" \/>\n\t<meta name=\"twitter:data1\" content=\"EuHN1\" \/>\n\t<meta name=\"twitter:label2\" content=\"\u01af\u1edbc t\u00ednh th\u1eddi gian \u0111\u1ecdc\" \/>\n\t<meta name=\"twitter:data2\" content=\"5 ph\u00fat\" \/>\n<script type=\"application\/ld+json\" class=\"yoast-schema-graph\">{\"@context\":\"https:\\\/\\\/schema.org\",\"@graph\":[{\"@type\":\"Article\",\"@id\":\"https:\\\/\\\/indochinapost.com\\\/fr\\\/la-france-evacue-toute-la-presquile-de-cap-ferret-en-raison-dun-important-incendie-de-foret\\\/#article\",\"isPartOf\":{\"@id\":\"https:\\\/\\\/indochinapost.com\\\/fr\\\/la-france-evacue-toute-la-presquile-de-cap-ferret-en-raison-dun-important-incendie-de-foret\\\/\"},\"author\":{\"name\":\"EuHN1\",\"@id\":\"https:\\\/\\\/indochinapost.com\\\/fr\\\/#\\\/schema\\\/person\\\/5e4d3996759fbbef25bfa308da944ba3\"},\"headline\":\"La France \u00e9vacue toute la presqu&#8217;\u00eele de Cap Ferret en raison d&#8217;un important incendie de for\u00eat\",\"datePublished\":\"2026-07-24T10:22:10+00:00\",\"mainEntityOfPage\":{\"@id\":\"https:\\\/\\\/indochinapost.com\\\/fr\\\/la-france-evacue-toute-la-presquile-de-cap-ferret-en-raison-dun-important-incendie-de-foret\\\/\"},\"wordCount\":836,\"commentCount\":0,\"image\":{\"@id\":\"https:\\\/\\\/indochinapost.com\\\/fr\\\/la-france-evacue-toute-la-presquile-de-cap-ferret-en-raison-dun-important-incendie-de-foret\\\/#primaryimage\"},\"thumbnailUrl\":\"https:\\\/\\\/indochinapost.com\\\/fr\\\/wp-content\\\/uploads\\\/2026\\\/07\\\/1784888369850_550640352062021664_3956672313742876012_2d5a6a34112dff2eebe62a33c6ef91e7.jpg\",\"articleSection\":[\"Tin T\u1ee9c\"],\"inLanguage\":\"vi\",\"potentialAction\":[{\"@type\":\"CommentAction\",\"name\":\"Comment\",\"target\":[\"https:\\\/\\\/indochinapost.com\\\/fr\\\/la-france-evacue-toute-la-presquile-de-cap-ferret-en-raison-dun-important-incendie-de-foret\\\/#respond\"]}]},{\"@type\":\"WebPage\",\"@id\":\"https:\\\/\\\/indochinapost.com\\\/fr\\\/la-france-evacue-toute-la-presquile-de-cap-ferret-en-raison-dun-important-incendie-de-foret\\\/\",\"url\":\"https:\\\/\\\/indochinapost.com\\\/fr\\\/la-france-evacue-toute-la-presquile-de-cap-ferret-en-raison-dun-important-incendie-de-foret\\\/\",\"name\":\"La France \u00e9vacue toute la presqu'\u00eele de Cap Ferret en raison d'un important incendie de for\u00eat - INDOCHINAPOST FRANCE\",\"isPartOf\":{\"@id\":\"https:\\\/\\\/indochinapost.com\\\/fr\\\/#website\"},\"primaryImageOfPage\":{\"@id\":\"https:\\\/\\\/indochinapost.com\\\/fr\\\/la-france-evacue-toute-la-presquile-de-cap-ferret-en-raison-dun-important-incendie-de-foret\\\/#primaryimage\"},\"image\":{\"@id\":\"https:\\\/\\\/indochinapost.com\\\/fr\\\/la-france-evacue-toute-la-presquile-de-cap-ferret-en-raison-dun-important-incendie-de-foret\\\/#primaryimage\"},\"thumbnailUrl\":\"https:\\\/\\\/indochinapost.com\\\/fr\\\/wp-content\\\/uploads\\\/2026\\\/07\\\/1784888369850_550640352062021664_3956672313742876012_2d5a6a34112dff2eebe62a33c6ef91e7.jpg\",\"datePublished\":\"2026-07-24T10:22:10+00:00\",\"author\":{\"@id\":\"https:\\\/\\\/indochinapost.com\\\/fr\\\/#\\\/schema\\\/person\\\/5e4d3996759fbbef25bfa308da944ba3\"},\"breadcrumb\":{\"@id\":\"https:\\\/\\\/indochinapost.com\\\/fr\\\/la-france-evacue-toute-la-presquile-de-cap-ferret-en-raison-dun-important-incendie-de-foret\\\/#breadcrumb\"},\"inLanguage\":\"vi\",\"potentialAction\":[{\"@type\":\"ReadAction\",\"target\":[\"https:\\\/\\\/indochinapost.com\\\/fr\\\/la-france-evacue-toute-la-presquile-de-cap-ferret-en-raison-dun-important-incendie-de-foret\\\/\"]}]},{\"@type\":\"ImageObject\",\"inLanguage\":\"vi\",\"@id\":\"https:\\\/\\\/indochinapost.com\\\/fr\\\/la-france-evacue-toute-la-presquile-de-cap-ferret-en-raison-dun-important-incendie-de-foret\\\/#primaryimage\",\"url\":\"https:\\\/\\\/indochinapost.com\\\/fr\\\/wp-content\\\/uploads\\\/2026\\\/07\\\/1784888369850_550640352062021664_3956672313742876012_2d5a6a34112dff2eebe62a33c6ef91e7.jpg\",\"contentUrl\":\"https:\\\/\\\/indochinapost.com\\\/fr\\\/wp-content\\\/uploads\\\/2026\\\/07\\\/1784888369850_550640352062021664_3956672313742876012_2d5a6a34112dff2eebe62a33c6ef91e7.jpg\",\"width\":2040,\"height\":1360},{\"@type\":\"BreadcrumbList\",\"@id\":\"https:\\\/\\\/indochinapost.com\\\/fr\\\/la-france-evacue-toute-la-presquile-de-cap-ferret-en-raison-dun-important-incendie-de-foret\\\/#breadcrumb\",\"itemListElement\":[{\"@type\":\"ListItem\",\"position\":1,\"name\":\"Trang ch\u1ee7\",\"item\":\"https:\\\/\\\/indochinapost.com\\\/fr\\\/\"},{\"@type\":\"ListItem\",\"position\":2,\"name\":\"La France \u00e9vacue toute la presqu&#8217;\u00eele de Cap Ferret en raison d&#8217;un important incendie de for\u00eat\"}]},{\"@type\":\"WebSite\",\"@id\":\"https:\\\/\\\/indochinapost.com\\\/fr\\\/#website\",\"url\":\"https:\\\/\\\/indochinapost.com\\\/fr\\\/\",\"name\":\"INDOCHINAPOST FRANCE\",\"description\":\"\",\"potentialAction\":[{\"@type\":\"SearchAction\",\"target\":{\"@type\":\"EntryPoint\",\"urlTemplate\":\"https:\\\/\\\/indochinapost.com\\\/fr\\\/?s={search_term_string}\"},\"query-input\":{\"@type\":\"PropertyValueSpecification\",\"valueRequired\":true,\"valueName\":\"search_term_string\"}}],\"inLanguage\":\"vi\"},{\"@type\":\"Person\",\"@id\":\"https:\\\/\\\/indochinapost.com\\\/fr\\\/#\\\/schema\\\/person\\\/5e4d3996759fbbef25bfa308da944ba3\",\"name\":\"EuHN1\",\"image\":{\"@type\":\"ImageObject\",\"inLanguage\":\"vi\",\"@id\":\"https:\\\/\\\/secure.gravatar.com\\\/avatar\\\/9f7019a89e6e18d823fbe5a5a68c92644cdca91d260c52c763fe5364cbf5ef03?s=96&d=mm&r=g\",\"url\":\"https:\\\/\\\/secure.gravatar.com\\\/avatar\\\/9f7019a89e6e18d823fbe5a5a68c92644cdca91d260c52c763fe5364cbf5ef03?s=96&d=mm&r=g\",\"contentUrl\":\"https:\\\/\\\/secure.gravatar.com\\\/avatar\\\/9f7019a89e6e18d823fbe5a5a68c92644cdca91d260c52c763fe5364cbf5ef03?s=96&d=mm&r=g\",\"caption\":\"EuHN1\"},\"url\":\"https:\\\/\\\/indochinapost.com\\\/fr\\\/author\\\/euhn1\\\/\"}]}<\/script>\n<!-- \/ Yoast SEO Premium plugin. -->","yoast_head_json":{"title":"La France \u00e9vacue toute la presqu'\u00eele de Cap Ferret en raison d'un important incendie de for\u00eat - INDOCHINAPOST FRANCE","robots":{"index":"index","follow":"follow","max-snippet":"max-snippet:-1","max-image-preview":"max-image-preview:large","max-video-preview":"max-video-preview:-1"},"canonical":"https:\/\/indochinapost.com\/fr\/la-france-evacue-toute-la-presquile-de-cap-ferret-en-raison-dun-important-incendie-de-foret\/","og_locale":"vi_VN","og_type":"article","og_title":"La France \u00e9vacue toute la presqu'\u00eele de Cap Ferret en raison d'un important incendie de for\u00eat","og_description":"La France \u00e9vacue toute la presqu&#8217;\u00eele de Cap Ferret en raison d&#8217;un important incendie de for\u00eat Les incendies de for\u00eat en France continuent de s&#8217;aggraver. Les autorit\u00e9s fran\u00e7aises ont ordonn\u00e9 l&#8217;\u00e9vacuation compl\u00e8te de la presqu&#8217;\u00eele de Cap Ferret, l&#8217;une des destinations baln\u00e9aires les plus pris\u00e9es de la c\u00f4te Atlantique. Des dizaines de milliers de personnes [...]","og_url":"https:\/\/indochinapost.com\/fr\/la-france-evacue-toute-la-presquile-de-cap-ferret-en-raison-dun-important-incendie-de-foret\/","og_site_name":"INDOCHINAPOST FRANCE","article_published_time":"2026-07-24T10:22:10+00:00","og_image":[{"width":2040,"height":1360,"url":"https:\/\/indochinapost.com\/fr\/wp-content\/uploads\/2026\/07\/1784888369850_550640352062021664_3956672313742876012_2d5a6a34112dff2eebe62a33c6ef91e7.jpg","type":"image\/jpeg"}],"author":"EuHN1","twitter_card":"summary_large_image","twitter_misc":{"\u0110\u01b0\u1ee3c vi\u1ebft b\u1edfi":"EuHN1","\u01af\u1edbc t\u00ednh th\u1eddi gian \u0111\u1ecdc":"5 ph\u00fat"},"schema":{"@context":"https:\/\/schema.org","@graph":[{"@type":"Article","@id":"https:\/\/indochinapost.com\/fr\/la-france-evacue-toute-la-presquile-de-cap-ferret-en-raison-dun-important-incendie-de-foret\/#article","isPartOf":{"@id":"https:\/\/indochinapost.com\/fr\/la-france-evacue-toute-la-presquile-de-cap-ferret-en-raison-dun-important-incendie-de-foret\/"},"author":{"name":"EuHN1","@id":"https:\/\/indochinapost.com\/fr\/#\/schema\/person\/5e4d3996759fbbef25bfa308da944ba3"},"headline":"La France \u00e9vacue toute la presqu&#8217;\u00eele de Cap Ferret en raison d&#8217;un important incendie de for\u00eat","datePublished":"2026-07-24T10:22:10+00:00","mainEntityOfPage":{"@id":"https:\/\/indochinapost.com\/fr\/la-france-evacue-toute-la-presquile-de-cap-ferret-en-raison-dun-important-incendie-de-foret\/"},"wordCount":836,"commentCount":0,"image":{"@id":"https:\/\/indochinapost.com\/fr\/la-france-evacue-toute-la-presquile-de-cap-ferret-en-raison-dun-important-incendie-de-foret\/#primaryimage"},"thumbnailUrl":"https:\/\/indochinapost.com\/fr\/wp-content\/uploads\/2026\/07\/1784888369850_550640352062021664_3956672313742876012_2d5a6a34112dff2eebe62a33c6ef91e7.jpg","articleSection":["Tin T\u1ee9c"],"inLanguage":"vi","potentialAction":[{"@type":"CommentAction","name":"Comment","target":["https:\/\/indochinapost.com\/fr\/la-france-evacue-toute-la-presquile-de-cap-ferret-en-raison-dun-important-incendie-de-foret\/#respond"]}]},{"@type":"WebPage","@id":"https:\/\/indochinapost.com\/fr\/la-france-evacue-toute-la-presquile-de-cap-ferret-en-raison-dun-important-incendie-de-foret\/","url":"https:\/\/indochinapost.com\/fr\/la-france-evacue-toute-la-presquile-de-cap-ferret-en-raison-dun-important-incendie-de-foret\/","name":"La France \u00e9vacue toute la presqu'\u00eele de Cap Ferret en raison d'un important incendie de for\u00eat - INDOCHINAPOST FRANCE","isPartOf":{"@id":"https:\/\/indochinapost.com\/fr\/#website"},"primaryImageOfPage":{"@id":"https:\/\/indochinapost.com\/fr\/la-france-evacue-toute-la-presquile-de-cap-ferret-en-raison-dun-important-incendie-de-foret\/#primaryimage"},"image":{"@id":"https:\/\/indochinapost.com\/fr\/la-france-evacue-toute-la-presquile-de-cap-ferret-en-raison-dun-important-incendie-de-foret\/#primaryimage"},"thumbnailUrl":"https:\/\/indochinapost.com\/fr\/wp-content\/uploads\/2026\/07\/1784888369850_550640352062021664_3956672313742876012_2d5a6a34112dff2eebe62a33c6ef91e7.jpg","datePublished":"2026-07-24T10:22:10+00:00","author":{"@id":"https:\/\/indochinapost.com\/fr\/#\/schema\/person\/5e4d3996759fbbef25bfa308da944ba3"},"breadcrumb":{"@id":"https:\/\/indochinapost.com\/fr\/la-france-evacue-toute-la-presquile-de-cap-ferret-en-raison-dun-important-incendie-de-foret\/#breadcrumb"},"inLanguage":"vi","potentialAction":[{"@type":"ReadAction","target":["https:\/\/indochinapost.com\/fr\/la-france-evacue-toute-la-presquile-de-cap-ferret-en-raison-dun-important-incendie-de-foret\/"]}]},{"@type":"ImageObject","inLanguage":"vi","@id":"https:\/\/indochinapost.com\/fr\/la-france-evacue-toute-la-presquile-de-cap-ferret-en-raison-dun-important-incendie-de-foret\/#primaryimage","url":"https:\/\/indochinapost.com\/fr\/wp-content\/uploads\/2026\/07\/1784888369850_550640352062021664_3956672313742876012_2d5a6a34112dff2eebe62a33c6ef91e7.jpg","contentUrl":"https:\/\/indochinapost.com\/fr\/wp-content\/uploads\/2026\/07\/1784888369850_550640352062021664_3956672313742876012_2d5a6a34112dff2eebe62a33c6ef91e7.jpg","width":2040,"height":1360},{"@type":"BreadcrumbList","@id":"https:\/\/indochinapost.com\/fr\/la-france-evacue-toute-la-presquile-de-cap-ferret-en-raison-dun-important-incendie-de-foret\/#breadcrumb","itemListElement":[{"@type":"ListItem","position":1,"name":"Trang ch\u1ee7","item":"https:\/\/indochinapost.com\/fr\/"},{"@type":"ListItem","position":2,"name":"La France \u00e9vacue toute la presqu&#8217;\u00eele de Cap Ferret en raison d&#8217;un important incendie de for\u00eat"}]},{"@type":"WebSite","@id":"https:\/\/indochinapost.com\/fr\/#website","url":"https:\/\/indochinapost.com\/fr\/","name":"INDOCHINAPOST FRANCE","description":"","potentialAction":[{"@type":"SearchAction","target":{"@type":"EntryPoint","urlTemplate":"https:\/\/indochinapost.com\/fr\/?s={search_term_string}"},"query-input":{"@type":"PropertyValueSpecification","valueRequired":true,"valueName":"search_term_string"}}],"inLanguage":"vi"},{"@type":"Person","@id":"https:\/\/indochinapost.com\/fr\/#\/schema\/person\/5e4d3996759fbbef25bfa308da944ba3","name":"EuHN1","image":{"@type":"ImageObject","inLanguage":"vi","@id":"https:\/\/secure.gravatar.com\/avatar\/9f7019a89e6e18d823fbe5a5a68c92644cdca91d260c52c763fe5364cbf5ef03?s=96&d=mm&r=g","url":"https:\/\/secure.gravatar.com\/avatar\/9f7019a89e6e18d823fbe5a5a68c92644cdca91d260c52c763fe5364cbf5ef03?s=96&d=mm&r=g","contentUrl":"https:\/\/secure.gravatar.com\/avatar\/9f7019a89e6e18d823fbe5a5a68c92644cdca91d260c52c763fe5364cbf5ef03?s=96&d=mm&r=g","caption":"EuHN1"},"url":"https:\/\/indochinapost.com\/fr\/author\/euhn1\/"}]}},"_links":{"self":[{"href":"https:\/\/indochinapost.com\/fr\/wp-json\/wp\/v2\/posts\/970","targetHints":{"allow":["GET"]}}],"collection":[{"href":"https:\/\/indochinapost.com\/fr\/wp-json\/wp\/v2\/posts"}],"about":[{"href":"https:\/\/indochinapost.com\/fr\/wp-json\/wp\/v2\/types\/post"}],"author":[{"embeddable":true,"href":"https:\/\/indochinapost.com\/fr\/wp-json\/wp\/v2\/users\/2"}],"replies":[{"embeddable":true,"href":"https:\/\/indochinapost.com\/fr\/wp-json\/wp\/v2\/comments?post=970"}],"version-history":[{"count":1,"href":"https:\/\/indochinapost.com\/fr\/wp-json\/wp\/v2\/posts\/970\/revisions"}],"predecessor-version":[{"id":973,"href":"https:\/\/indochinapost.com\/fr\/wp-json\/wp\/v2\/posts\/970\/revisions\/973"}],"wp:featuredmedia":[{"embeddable":true,"href":"https:\/\/indochinapost.com\/fr\/wp-json\/wp\/v2\/media\/972"}],"wp:attachment":[{"href":"https:\/\/indochinapost.com\/fr\/wp-json\/wp\/v2\/media?parent=970"}],"wp:term":[{"taxonomy":"category","embeddable":true,"href":"https:\/\/indochinapost.com\/fr\/wp-json\/wp\/v2\/categories?post=970"},{"taxonomy":"post_tag","embeddable":true,"href":"https:\/\/indochinapost.com\/fr\/wp-json\/wp\/v2\/tags?post=970"}],"curies":[{"name":"wp","href":"https:\/\/api.w.org\/{rel}","templated":true}]}}