{"id":813,"date":"2026-04-25T02:22:49","date_gmt":"2026-04-25T02:22:49","guid":{"rendered":"https:\/\/indochinapost.com\/fr\/?p=813"},"modified":"2026-04-25T02:22:49","modified_gmt":"2026-04-25T02:22:49","slug":"les-boulangers-en-competition-la-gastronomie-vietnamo-francaise-a-lhonneur-lors-du-festival-du-banh-mi-2026","status":"publish","type":"post","link":"https:\/\/indochinapost.com\/fr\/les-boulangers-en-competition-la-gastronomie-vietnamo-francaise-a-lhonneur-lors-du-festival-du-banh-mi-2026\/","title":{"rendered":"Les boulangers en comp\u00e9tition : la gastronomie vietnamo-fran\u00e7aise \u00e0 l\u2019honneur lors du Festival du B\u00e1nh M\u00ec 2026"},"content":{"rendered":"\n\n<div class=\"kk-star-ratings kksr-auto kksr-align-left kksr-valign-top\"\n    data-payload='{&quot;align&quot;:&quot;left&quot;,&quot;id&quot;:&quot;813&quot;,&quot;slug&quot;:&quot;default&quot;,&quot;valign&quot;:&quot;top&quot;,&quot;ignore&quot;:&quot;&quot;,&quot;reference&quot;:&quot;auto&quot;,&quot;class&quot;:&quot;&quot;,&quot;count&quot;:&quot;0&quot;,&quot;legendonly&quot;:&quot;&quot;,&quot;readonly&quot;:&quot;&quot;,&quot;score&quot;:&quot;0&quot;,&quot;starsonly&quot;:&quot;&quot;,&quot;best&quot;:&quot;5&quot;,&quot;gap&quot;:&quot;5&quot;,&quot;greet&quot;:&quot;Rate this post&quot;,&quot;legend&quot;:&quot;0\\\/5 - (0 b\u00ecnh ch\u1ecdn)&quot;,&quot;size&quot;:&quot;24&quot;,&quot;title&quot;:&quot;Les boulangers en comp\u00e9tition : la gastronomie vietnamo-fran\u00e7aise \u00e0 l\u2019honneur lors du Festival du B\u00e1nh M\u00ec 2026&quot;,&quot;width&quot;:&quot;0&quot;,&quot;_legend&quot;:&quot;{score}\\\/{best} - ({count} {votes})&quot;,&quot;font_factor&quot;:&quot;1.25&quot;}'>\n            \n<div class=\"kksr-stars\">\n    \n<div class=\"kksr-stars-inactive\">\n            <div class=\"kksr-star\" data-star=\"1\" style=\"padding-right: 5px\">\n            \n\n<div class=\"kksr-icon\" style=\"width: 24px; height: 24px;\"><\/div>\n        <\/div>\n            <div class=\"kksr-star\" data-star=\"2\" style=\"padding-right: 5px\">\n            \n\n<div class=\"kksr-icon\" style=\"width: 24px; height: 24px;\"><\/div>\n        <\/div>\n            <div class=\"kksr-star\" data-star=\"3\" style=\"padding-right: 5px\">\n            \n\n<div class=\"kksr-icon\" style=\"width: 24px; height: 24px;\"><\/div>\n        <\/div>\n            <div class=\"kksr-star\" data-star=\"4\" style=\"padding-right: 5px\">\n            \n\n<div class=\"kksr-icon\" style=\"width: 24px; height: 24px;\"><\/div>\n        <\/div>\n            <div class=\"kksr-star\" data-star=\"5\" style=\"padding-right: 5px\">\n            \n\n<div class=\"kksr-icon\" style=\"width: 24px; height: 24px;\"><\/div>\n        <\/div>\n    <\/div>\n    \n<div class=\"kksr-stars-active\" style=\"width: 0px;\">\n            <div class=\"kksr-star\" style=\"padding-right: 5px\">\n            \n\n<div class=\"kksr-icon\" style=\"width: 24px; height: 24px;\"><\/div>\n        <\/div>\n            <div class=\"kksr-star\" style=\"padding-right: 5px\">\n            \n\n<div class=\"kksr-icon\" style=\"width: 24px; height: 24px;\"><\/div>\n        <\/div>\n            <div class=\"kksr-star\" style=\"padding-right: 5px\">\n            \n\n<div class=\"kksr-icon\" style=\"width: 24px; height: 24px;\"><\/div>\n        <\/div>\n            <div class=\"kksr-star\" style=\"padding-right: 5px\">\n            \n\n<div class=\"kksr-icon\" style=\"width: 24px; height: 24px;\"><\/div>\n        <\/div>\n            <div class=\"kksr-star\" style=\"padding-right: 5px\">\n            \n\n<div class=\"kksr-icon\" style=\"width: 24px; height: 24px;\"><\/div>\n        <\/div>\n    <\/div>\n<\/div>\n                \n\n<div class=\"kksr-legend\" style=\"font-size: 19.2px;\">\n            <span class=\"kksr-muted\">Rate this post<\/span>\n    <\/div>\n    <\/div>\n<h1 data-start=\"63\" data-end=\"175\">Les boulangers en comp\u00e9tition : la gastronomie vietnamo-fran\u00e7aise \u00e0 l\u2019honneur lors du Festival du B\u00e1nh M\u00ec 2026<\/h1>\n<h2 data-start=\"177\" data-end=\"242\">Un concours de baguette et de croissant au c\u0153ur de l\u2019\u00e9v\u00e9nement<\/h2>\n<p data-start=\"243\" data-end=\"419\">Dans le cadre du <span class=\"hover:entity-accent entity-underline inline cursor-pointer align-baseline\"><span class=\"whitespace-normal\">L\u1ec5 h\u1ed9i b\u00e1nh m\u00ec Vi\u1ec7t Nam 2026<\/span><\/span>, le concours <strong data-start=\"311\" data-end=\"359\">\u00ab Meilleure baguette et meilleur croissant \u00bb<\/strong> s\u2019est impos\u00e9 comme l\u2019un des moments forts de l\u2019\u00e9v\u00e9nement.<\/p>\n<p data-start=\"421\" data-end=\"610\">Ce concours a r\u00e9uni de nombreux boulangers professionnels, tout en cr\u00e9ant un espace d\u2019\u00e9change culturel entre le Vietnam et la <span class=\"hover:entity-accent entity-underline inline cursor-pointer align-baseline\"><span class=\"whitespace-normal\">France<\/span><\/span> \u00e0 travers la gastronomie.<\/p>\n<figure id=\"attachment_814\" aria-describedby=\"caption-attachment-814\" style=\"width: 977px\" class=\"wp-caption alignleft\"><img loading=\"lazy\" decoding=\"async\" class=\" wp-image-814\" src=\"https:\/\/indochinapost.com\/fr\/wp-content\/uploads\/2026\/04\/td07837-1777044013372405804490.jpg\" alt=\"Les boulangers en comp\u00e9tition : la gastronomie vietnamo-fran\u00e7aise \u00e0 l\u2019honneur lors du Festival du B\u00e1nh M\u00ec 2026\" width=\"977\" height=\"651\" srcset=\"https:\/\/indochinapost.com\/fr\/wp-content\/uploads\/2026\/04\/td07837-1777044013372405804490.jpg 730w, https:\/\/indochinapost.com\/fr\/wp-content\/uploads\/2026\/04\/td07837-1777044013372405804490-300x200.jpg 300w\" sizes=\"auto, (max-width: 977px) 100vw, 977px\" \/><figcaption id=\"caption-attachment-814\" class=\"wp-caption-text\">Les boulangers en comp\u00e9tition : la gastronomie vietnamo-fran\u00e7aise \u00e0 l\u2019honneur lors du Festival du B\u00e1nh M\u00ec 2026<\/figcaption><\/figure>\n<h2 data-start=\"817\" data-end=\"875\">Une fusion culturelle \u00e0 travers l\u2019art de la boulangerie<\/h2>\n<p data-start=\"876\" data-end=\"1044\">Lors de la c\u00e9r\u00e9monie de remise des prix le 24 avril, <span class=\"hover:entity-accent entity-underline inline cursor-pointer align-baseline\"><span class=\"whitespace-normal\">Thibaut Giroux<\/span><\/span>, pr\u00e9sident de la CCIFV, a salu\u00e9 le talent et l\u2019engagement des participants.<\/p>\n<p data-start=\"1046\" data-end=\"1340\">Il a soulign\u00e9 que le m\u00e9tier de boulanger exige discipline, patience et passion. Selon lui, la baguette vietnamienne, la baguette fran\u00e7aise et le croissant poss\u00e8dent chacun leur identit\u00e9, tout en partageant un h\u00e9ritage commun illustrant la transmission et l\u2019\u00e9change culturel entre les deux pays.<\/p>\n<h2 data-start=\"1460\" data-end=\"1510\">La participation fran\u00e7aise enrichit le festival<\/h2>\n<p data-start=\"1511\" data-end=\"1691\">Mme <span class=\"hover:entity-accent entity-underline inline cursor-pointer align-baseline\"><span class=\"whitespace-normal\">Nguy\u1ec5n Th\u1ecb Kh\u00e1nh<\/span><\/span>, pr\u00e9sidente de la HTA, a soulign\u00e9 que la participation active des partenaires fran\u00e7ais a contribu\u00e9 \u00e0 enrichir le contenu de cette \u00e9dition.<\/p>\n<p data-start=\"1693\" data-end=\"1927\">L\u2019espace \u00ab March\u00e9 fran\u00e7ais \u00bb, mettant en avant des produits et symboles culturels embl\u00e9matiques, a particuli\u00e8rement attir\u00e9 le public et ouvert de nouvelles perspectives de coop\u00e9ration entre les entreprises vietnamiennes et fran\u00e7aises.<\/p>\n<h2 data-start=\"1934\" data-end=\"1987\">Une plateforme professionnelle pour les boulangers<\/h2>\n<p data-start=\"1988\" data-end=\"2127\">Le concours, qui se tient du 23 au 26 avril au <span class=\"hover:entity-accent entity-underline inline cursor-pointer align-baseline\"><span class=\"whitespace-normal\">C\u00f4ng vi\u00ean L\u00ea V\u0103n T\u00e1m<\/span><\/span>, rassemble de nombreux boulangers exer\u00e7ant au Vietnam.<\/p>\n<p data-start=\"2129\" data-end=\"2204\">Les candidats sont \u00e9valu\u00e9s par un jury d\u2019experts selon plusieurs crit\u00e8res :<\/p>\n<ul data-start=\"2205\" data-end=\"2256\">\n<li data-start=\"2205\" data-end=\"2218\">Technique<\/li>\n<li data-start=\"2219\" data-end=\"2230\">Texture<\/li>\n<li data-start=\"2231\" data-end=\"2239\">Go\u00fbt<\/li>\n<li data-start=\"2240\" data-end=\"2256\">Pr\u00e9sentation<\/li>\n<\/ul>\n<p data-start=\"2258\" data-end=\"2404\">Au-del\u00e0 de la comp\u00e9tition, cet \u00e9v\u00e9nement constitue une opportunit\u00e9 d\u2019apprentissage, de partage d\u2019exp\u00e9riences et de perfectionnement professionnel.<\/p>\n<figure id=\"attachment_815\" aria-describedby=\"caption-attachment-815\" style=\"width: 988px\" class=\"wp-caption alignleft\"><img loading=\"lazy\" decoding=\"async\" class=\" wp-image-815\" src=\"https:\/\/indochinapost.com\/fr\/wp-content\/uploads\/2026\/04\/base64-1777044582448652395076.webp\" alt=\"Les boulangers en comp\u00e9tition : la gastronomie vietnamo-fran\u00e7aise \u00e0 l\u2019honneur lors du Festival du B\u00e1nh M\u00ec 2026\" width=\"988\" height=\"742\" srcset=\"https:\/\/indochinapost.com\/fr\/wp-content\/uploads\/2026\/04\/base64-1777044582448652395076.webp 730w, https:\/\/indochinapost.com\/fr\/wp-content\/uploads\/2026\/04\/base64-1777044582448652395076-300x225.webp 300w\" sizes=\"auto, (max-width: 988px) 100vw, 988px\" \/><figcaption id=\"caption-attachment-815\" class=\"wp-caption-text\">Les boulangers en comp\u00e9tition : la gastronomie vietnamo-fran\u00e7aise \u00e0 l\u2019honneur lors du Festival du B\u00e1nh M\u00ec 2026<\/figcaption><\/figure>\n<h2 data-start=\"2411\" data-end=\"2479\">Renforcer la coop\u00e9ration et valoriser la boulangerie vietnamienne<\/h2>\n<p data-start=\"2480\" data-end=\"2701\">La pr\u00e9sence de <span class=\"hover:entity-accent entity-underline inline cursor-pointer align-baseline\"><span class=\"whitespace-normal\">\u00c9tienne Ranaivoson<\/span><\/span>, consul g\u00e9n\u00e9ral de France \u00e0 H\u00f4 Chi Minh-Ville, ainsi que de nombreux repr\u00e9sentants des deux pays, souligne l\u2019importance de cet \u00e9v\u00e9nement dans les relations bilat\u00e9rales.<\/p>\n<p data-start=\"2703\" data-end=\"2762\">Les organisateurs esp\u00e8rent que cette initiative permettra :<\/p>\n<ul data-start=\"2763\" data-end=\"2949\">\n<li data-start=\"2763\" data-end=\"2815\">D\u2019\u00e9lever les standards professionnels au Vietnam<\/li>\n<li data-start=\"2816\" data-end=\"2855\">De stimuler la cr\u00e9ativit\u00e9 culinaire<\/li>\n<li data-start=\"2856\" data-end=\"2949\">De promouvoir une culture moderne du b\u00e1nh m\u00ec, marqu\u00e9e par l\u2019influence franco-vietnamienne<\/li>\n<\/ul>\n<p data-start=\"3192\" data-end=\"3331\">\u00c0 travers la gastronomie, les deux pays continuent de renforcer leurs liens et d\u2019ouvrir de nouvelles opportunit\u00e9s de collaboration durable.<\/p>\n","protected":false},"excerpt":{"rendered":"<p>Les boulangers en comp\u00e9tition : la gastronomie vietnamo-fran\u00e7aise \u00e0 l\u2019honneur lors du Festival du B\u00e1nh M\u00ec 2026 Un concours de baguette et de croissant au c\u0153ur de l\u2019\u00e9v\u00e9nement Dans le cadre du L\u1ec5 h\u1ed9i b\u00e1nh m\u00ec Vi\u1ec7t Nam 2026, le concours \u00ab Meilleure baguette et meilleur croissant \u00bb s\u2019est impos\u00e9 comme l\u2019un des moments forts [&#8230;]\n","protected":false},"author":3,"featured_media":814,"comment_status":"open","ping_status":"open","sticky":false,"template":"","format":"standard","meta":{"footnotes":""},"categories":[1],"tags":[],"class_list":["post-813","post","type-post","status-publish","format-standard","has-post-thumbnail","hentry","category-chua-phan-loai"],"acf":[],"yoast_head":"<!-- This site is optimized with the Yoast SEO Premium plugin v20.13 (Yoast SEO v24.9) - https:\/\/yoast.com\/wordpress\/plugins\/seo\/ -->\n<title>Les boulangers en comp\u00e9tition : la gastronomie vietnamo-fran\u00e7aise<\/title>\n<meta name=\"description\" content=\"Les boulangers en comp\u00e9tition : la gastronomie vietnamo-fran\u00e7aise \u00e0 l\u2019honneur lors du Festival du B\u00e1nh M\u00ec 2026\" \/>\n<meta name=\"robots\" content=\"index, follow, max-snippet:-1, max-image-preview:large, max-video-preview:-1\" \/>\n<link rel=\"canonical\" href=\"https:\/\/indochinapost.com\/fr\/les-boulangers-en-competition-la-gastronomie-vietnamo-francaise-a-lhonneur-lors-du-festival-du-banh-mi-2026\/\" \/>\n<meta property=\"og:locale\" content=\"vi_VN\" \/>\n<meta property=\"og:type\" content=\"article\" \/>\n<meta property=\"og:title\" content=\"Les boulangers en comp\u00e9tition : la gastronomie vietnamo-fran\u00e7aise \u00e0 l\u2019honneur lors du Festival du B\u00e1nh M\u00ec 2026\" \/>\n<meta property=\"og:description\" content=\"Les boulangers en comp\u00e9tition : la gastronomie vietnamo-fran\u00e7aise \u00e0 l\u2019honneur lors du Festival du B\u00e1nh M\u00ec 2026\" \/>\n<meta property=\"og:url\" content=\"https:\/\/indochinapost.com\/fr\/les-boulangers-en-competition-la-gastronomie-vietnamo-francaise-a-lhonneur-lors-du-festival-du-banh-mi-2026\/\" \/>\n<meta property=\"og:site_name\" content=\"INDOCHINAPOST FRANCE\" \/>\n<meta property=\"article:published_time\" content=\"2026-04-25T02:22:49+00:00\" \/>\n<meta property=\"og:image\" content=\"https:\/\/indochinapost.com\/fr\/wp-content\/uploads\/2026\/04\/td07837-1777044013372405804490.jpg\" \/>\n\t<meta property=\"og:image:width\" content=\"730\" \/>\n\t<meta property=\"og:image:height\" content=\"487\" \/>\n\t<meta property=\"og:image:type\" content=\"image\/jpeg\" \/>\n<meta name=\"author\" content=\"tts_hanoi\" \/>\n<meta name=\"twitter:card\" content=\"summary_large_image\" \/>\n<meta name=\"twitter:label1\" content=\"\u0110\u01b0\u1ee3c vi\u1ebft b\u1edfi\" \/>\n\t<meta name=\"twitter:data1\" content=\"tts_hanoi\" \/>\n\t<meta name=\"twitter:label2\" content=\"\u01af\u1edbc t\u00ednh th\u1eddi gian \u0111\u1ecdc\" \/>\n\t<meta name=\"twitter:data2\" content=\"3 ph\u00fat\" \/>\n<script type=\"application\/ld+json\" class=\"yoast-schema-graph\">{\"@context\":\"https:\/\/schema.org\",\"@graph\":[{\"@type\":\"WebPage\",\"@id\":\"https:\/\/indochinapost.com\/fr\/les-boulangers-en-competition-la-gastronomie-vietnamo-francaise-a-lhonneur-lors-du-festival-du-banh-mi-2026\/\",\"url\":\"https:\/\/indochinapost.com\/fr\/les-boulangers-en-competition-la-gastronomie-vietnamo-francaise-a-lhonneur-lors-du-festival-du-banh-mi-2026\/\",\"name\":\"Les boulangers en comp\u00e9tition : la gastronomie vietnamo-fran\u00e7aise\",\"isPartOf\":{\"@id\":\"https:\/\/indochinapost.com\/fr\/#website\"},\"primaryImageOfPage\":{\"@id\":\"https:\/\/indochinapost.com\/fr\/les-boulangers-en-competition-la-gastronomie-vietnamo-francaise-a-lhonneur-lors-du-festival-du-banh-mi-2026\/#primaryimage\"},\"image\":{\"@id\":\"https:\/\/indochinapost.com\/fr\/les-boulangers-en-competition-la-gastronomie-vietnamo-francaise-a-lhonneur-lors-du-festival-du-banh-mi-2026\/#primaryimage\"},\"thumbnailUrl\":\"https:\/\/indochinapost.com\/fr\/wp-content\/uploads\/2026\/04\/td07837-1777044013372405804490.jpg\",\"datePublished\":\"2026-04-25T02:22:49+00:00\",\"author\":{\"@id\":\"https:\/\/indochinapost.com\/fr\/#\/schema\/person\/10513f60cf1a782735c0300c17f624ce\"},\"description\":\"Les boulangers en comp\u00e9tition : la gastronomie vietnamo-fran\u00e7aise \u00e0 l\u2019honneur lors du Festival du B\u00e1nh M\u00ec 2026\",\"breadcrumb\":{\"@id\":\"https:\/\/indochinapost.com\/fr\/les-boulangers-en-competition-la-gastronomie-vietnamo-francaise-a-lhonneur-lors-du-festival-du-banh-mi-2026\/#breadcrumb\"},\"inLanguage\":\"vi\",\"potentialAction\":[{\"@type\":\"ReadAction\",\"target\":[\"https:\/\/indochinapost.com\/fr\/les-boulangers-en-competition-la-gastronomie-vietnamo-francaise-a-lhonneur-lors-du-festival-du-banh-mi-2026\/\"]}]},{\"@type\":\"ImageObject\",\"inLanguage\":\"vi\",\"@id\":\"https:\/\/indochinapost.com\/fr\/les-boulangers-en-competition-la-gastronomie-vietnamo-francaise-a-lhonneur-lors-du-festival-du-banh-mi-2026\/#primaryimage\",\"url\":\"https:\/\/indochinapost.com\/fr\/wp-content\/uploads\/2026\/04\/td07837-1777044013372405804490.jpg\",\"contentUrl\":\"https:\/\/indochinapost.com\/fr\/wp-content\/uploads\/2026\/04\/td07837-1777044013372405804490.jpg\",\"width\":730,\"height\":487,\"caption\":\"Les boulangers en comp\u00e9tition : la gastronomie vietnamo-fran\u00e7aise \u00e0 l\u2019honneur lors du Festival du B\u00e1nh M\u00ec 2026\"},{\"@type\":\"BreadcrumbList\",\"@id\":\"https:\/\/indochinapost.com\/fr\/les-boulangers-en-competition-la-gastronomie-vietnamo-francaise-a-lhonneur-lors-du-festival-du-banh-mi-2026\/#breadcrumb\",\"itemListElement\":[{\"@type\":\"ListItem\",\"position\":1,\"name\":\"Trang ch\u1ee7\",\"item\":\"https:\/\/indochinapost.com\/fr\/\"},{\"@type\":\"ListItem\",\"position\":2,\"name\":\"Les boulangers en comp\u00e9tition : la gastronomie vietnamo-fran\u00e7aise \u00e0 l\u2019honneur lors du Festival du B\u00e1nh M\u00ec 2026\"}]},{\"@type\":\"WebSite\",\"@id\":\"https:\/\/indochinapost.com\/fr\/#website\",\"url\":\"https:\/\/indochinapost.com\/fr\/\",\"name\":\"INDOCHINAPOST FRANCE\",\"description\":\"\",\"potentialAction\":[{\"@type\":\"SearchAction\",\"target\":{\"@type\":\"EntryPoint\",\"urlTemplate\":\"https:\/\/indochinapost.com\/fr\/?s={search_term_string}\"},\"query-input\":{\"@type\":\"PropertyValueSpecification\",\"valueRequired\":true,\"valueName\":\"search_term_string\"}}],\"inLanguage\":\"vi\"},{\"@type\":\"Person\",\"@id\":\"https:\/\/indochinapost.com\/fr\/#\/schema\/person\/10513f60cf1a782735c0300c17f624ce\",\"name\":\"tts_hanoi\",\"image\":{\"@type\":\"ImageObject\",\"inLanguage\":\"vi\",\"@id\":\"https:\/\/indochinapost.com\/fr\/#\/schema\/person\/image\/\",\"url\":\"https:\/\/secure.gravatar.com\/avatar\/2289d79150e1e22d803f7e00e527a5a4d10cebbe749892e954f3747fe6f8415f?s=96&d=mm&r=g\",\"contentUrl\":\"https:\/\/secure.gravatar.com\/avatar\/2289d79150e1e22d803f7e00e527a5a4d10cebbe749892e954f3747fe6f8415f?s=96&d=mm&r=g\",\"caption\":\"tts_hanoi\"},\"url\":\"https:\/\/indochinapost.com\/fr\/author\/tts_hanoi\/\"}]}<\/script>\n<!-- \/ Yoast SEO Premium plugin. -->","yoast_head_json":{"title":"Les boulangers en comp\u00e9tition : la gastronomie vietnamo-fran\u00e7aise","description":"Les boulangers en comp\u00e9tition : la gastronomie vietnamo-fran\u00e7aise \u00e0 l\u2019honneur lors du Festival du B\u00e1nh M\u00ec 2026","robots":{"index":"index","follow":"follow","max-snippet":"max-snippet:-1","max-image-preview":"max-image-preview:large","max-video-preview":"max-video-preview:-1"},"canonical":"https:\/\/indochinapost.com\/fr\/les-boulangers-en-competition-la-gastronomie-vietnamo-francaise-a-lhonneur-lors-du-festival-du-banh-mi-2026\/","og_locale":"vi_VN","og_type":"article","og_title":"Les boulangers en comp\u00e9tition : la gastronomie vietnamo-fran\u00e7aise \u00e0 l\u2019honneur lors du Festival du B\u00e1nh M\u00ec 2026","og_description":"Les boulangers en comp\u00e9tition : la gastronomie vietnamo-fran\u00e7aise \u00e0 l\u2019honneur lors du Festival du B\u00e1nh M\u00ec 2026","og_url":"https:\/\/indochinapost.com\/fr\/les-boulangers-en-competition-la-gastronomie-vietnamo-francaise-a-lhonneur-lors-du-festival-du-banh-mi-2026\/","og_site_name":"INDOCHINAPOST FRANCE","article_published_time":"2026-04-25T02:22:49+00:00","og_image":[{"width":730,"height":487,"url":"https:\/\/indochinapost.com\/fr\/wp-content\/uploads\/2026\/04\/td07837-1777044013372405804490.jpg","type":"image\/jpeg"}],"author":"tts_hanoi","twitter_card":"summary_large_image","twitter_misc":{"\u0110\u01b0\u1ee3c vi\u1ebft b\u1edfi":"tts_hanoi","\u01af\u1edbc t\u00ednh th\u1eddi gian \u0111\u1ecdc":"3 ph\u00fat"},"schema":{"@context":"https:\/\/schema.org","@graph":[{"@type":"WebPage","@id":"https:\/\/indochinapost.com\/fr\/les-boulangers-en-competition-la-gastronomie-vietnamo-francaise-a-lhonneur-lors-du-festival-du-banh-mi-2026\/","url":"https:\/\/indochinapost.com\/fr\/les-boulangers-en-competition-la-gastronomie-vietnamo-francaise-a-lhonneur-lors-du-festival-du-banh-mi-2026\/","name":"Les boulangers en comp\u00e9tition : la gastronomie vietnamo-fran\u00e7aise","isPartOf":{"@id":"https:\/\/indochinapost.com\/fr\/#website"},"primaryImageOfPage":{"@id":"https:\/\/indochinapost.com\/fr\/les-boulangers-en-competition-la-gastronomie-vietnamo-francaise-a-lhonneur-lors-du-festival-du-banh-mi-2026\/#primaryimage"},"image":{"@id":"https:\/\/indochinapost.com\/fr\/les-boulangers-en-competition-la-gastronomie-vietnamo-francaise-a-lhonneur-lors-du-festival-du-banh-mi-2026\/#primaryimage"},"thumbnailUrl":"https:\/\/indochinapost.com\/fr\/wp-content\/uploads\/2026\/04\/td07837-1777044013372405804490.jpg","datePublished":"2026-04-25T02:22:49+00:00","author":{"@id":"https:\/\/indochinapost.com\/fr\/#\/schema\/person\/10513f60cf1a782735c0300c17f624ce"},"description":"Les boulangers en comp\u00e9tition : la gastronomie vietnamo-fran\u00e7aise \u00e0 l\u2019honneur lors du Festival du B\u00e1nh M\u00ec 2026","breadcrumb":{"@id":"https:\/\/indochinapost.com\/fr\/les-boulangers-en-competition-la-gastronomie-vietnamo-francaise-a-lhonneur-lors-du-festival-du-banh-mi-2026\/#breadcrumb"},"inLanguage":"vi","potentialAction":[{"@type":"ReadAction","target":["https:\/\/indochinapost.com\/fr\/les-boulangers-en-competition-la-gastronomie-vietnamo-francaise-a-lhonneur-lors-du-festival-du-banh-mi-2026\/"]}]},{"@type":"ImageObject","inLanguage":"vi","@id":"https:\/\/indochinapost.com\/fr\/les-boulangers-en-competition-la-gastronomie-vietnamo-francaise-a-lhonneur-lors-du-festival-du-banh-mi-2026\/#primaryimage","url":"https:\/\/indochinapost.com\/fr\/wp-content\/uploads\/2026\/04\/td07837-1777044013372405804490.jpg","contentUrl":"https:\/\/indochinapost.com\/fr\/wp-content\/uploads\/2026\/04\/td07837-1777044013372405804490.jpg","width":730,"height":487,"caption":"Les boulangers en comp\u00e9tition : la gastronomie vietnamo-fran\u00e7aise \u00e0 l\u2019honneur lors du Festival du B\u00e1nh M\u00ec 2026"},{"@type":"BreadcrumbList","@id":"https:\/\/indochinapost.com\/fr\/les-boulangers-en-competition-la-gastronomie-vietnamo-francaise-a-lhonneur-lors-du-festival-du-banh-mi-2026\/#breadcrumb","itemListElement":[{"@type":"ListItem","position":1,"name":"Trang ch\u1ee7","item":"https:\/\/indochinapost.com\/fr\/"},{"@type":"ListItem","position":2,"name":"Les boulangers en comp\u00e9tition : la gastronomie vietnamo-fran\u00e7aise \u00e0 l\u2019honneur lors du Festival du B\u00e1nh M\u00ec 2026"}]},{"@type":"WebSite","@id":"https:\/\/indochinapost.com\/fr\/#website","url":"https:\/\/indochinapost.com\/fr\/","name":"INDOCHINAPOST FRANCE","description":"","potentialAction":[{"@type":"SearchAction","target":{"@type":"EntryPoint","urlTemplate":"https:\/\/indochinapost.com\/fr\/?s={search_term_string}"},"query-input":{"@type":"PropertyValueSpecification","valueRequired":true,"valueName":"search_term_string"}}],"inLanguage":"vi"},{"@type":"Person","@id":"https:\/\/indochinapost.com\/fr\/#\/schema\/person\/10513f60cf1a782735c0300c17f624ce","name":"tts_hanoi","image":{"@type":"ImageObject","inLanguage":"vi","@id":"https:\/\/indochinapost.com\/fr\/#\/schema\/person\/image\/","url":"https:\/\/secure.gravatar.com\/avatar\/2289d79150e1e22d803f7e00e527a5a4d10cebbe749892e954f3747fe6f8415f?s=96&d=mm&r=g","contentUrl":"https:\/\/secure.gravatar.com\/avatar\/2289d79150e1e22d803f7e00e527a5a4d10cebbe749892e954f3747fe6f8415f?s=96&d=mm&r=g","caption":"tts_hanoi"},"url":"https:\/\/indochinapost.com\/fr\/author\/tts_hanoi\/"}]}},"_links":{"self":[{"href":"https:\/\/indochinapost.com\/fr\/wp-json\/wp\/v2\/posts\/813","targetHints":{"allow":["GET"]}}],"collection":[{"href":"https:\/\/indochinapost.com\/fr\/wp-json\/wp\/v2\/posts"}],"about":[{"href":"https:\/\/indochinapost.com\/fr\/wp-json\/wp\/v2\/types\/post"}],"author":[{"embeddable":true,"href":"https:\/\/indochinapost.com\/fr\/wp-json\/wp\/v2\/users\/3"}],"replies":[{"embeddable":true,"href":"https:\/\/indochinapost.com\/fr\/wp-json\/wp\/v2\/comments?post=813"}],"version-history":[{"count":1,"href":"https:\/\/indochinapost.com\/fr\/wp-json\/wp\/v2\/posts\/813\/revisions"}],"predecessor-version":[{"id":816,"href":"https:\/\/indochinapost.com\/fr\/wp-json\/wp\/v2\/posts\/813\/revisions\/816"}],"wp:featuredmedia":[{"embeddable":true,"href":"https:\/\/indochinapost.com\/fr\/wp-json\/wp\/v2\/media\/814"}],"wp:attachment":[{"href":"https:\/\/indochinapost.com\/fr\/wp-json\/wp\/v2\/media?parent=813"}],"wp:term":[{"taxonomy":"category","embeddable":true,"href":"https:\/\/indochinapost.com\/fr\/wp-json\/wp\/v2\/categories?post=813"},{"taxonomy":"post_tag","embeddable":true,"href":"https:\/\/indochinapost.com\/fr\/wp-json\/wp\/v2\/tags?post=813"}],"curies":[{"name":"wp","href":"https:\/\/api.w.org\/{rel}","templated":true}]}}