{"id":790,"date":"2026-04-22T10:20:11","date_gmt":"2026-04-22T10:20:11","guid":{"rendered":"https:\/\/indochinapost.com\/fr\/?p=790"},"modified":"2026-04-22T10:20:11","modified_gmt":"2026-04-22T10:20:11","slug":"la-france-durcit-sa-politique-envers-les-etudiants-etrangers-a-partir-de-2026","status":"publish","type":"post","link":"https:\/\/indochinapost.com\/fr\/la-france-durcit-sa-politique-envers-les-etudiants-etrangers-a-partir-de-2026\/","title":{"rendered":"La France durcit sa politique envers les \u00e9tudiants \u00e9trangers \u00e0 partir de 2026"},"content":{"rendered":"\n\n<div class=\"kk-star-ratings kksr-auto kksr-align-left kksr-valign-top\"\n    data-payload='{&quot;align&quot;:&quot;left&quot;,&quot;id&quot;:&quot;790&quot;,&quot;slug&quot;:&quot;default&quot;,&quot;valign&quot;:&quot;top&quot;,&quot;ignore&quot;:&quot;&quot;,&quot;reference&quot;:&quot;auto&quot;,&quot;class&quot;:&quot;&quot;,&quot;count&quot;:&quot;0&quot;,&quot;legendonly&quot;:&quot;&quot;,&quot;readonly&quot;:&quot;&quot;,&quot;score&quot;:&quot;0&quot;,&quot;starsonly&quot;:&quot;&quot;,&quot;best&quot;:&quot;5&quot;,&quot;gap&quot;:&quot;5&quot;,&quot;greet&quot;:&quot;Rate this post&quot;,&quot;legend&quot;:&quot;0\\\/5 - (0 b\u00ecnh ch\u1ecdn)&quot;,&quot;size&quot;:&quot;24&quot;,&quot;title&quot;:&quot;La France durcit sa politique envers les \u00e9tudiants \u00e9trangers \u00e0 partir de 2026&quot;,&quot;width&quot;:&quot;0&quot;,&quot;_legend&quot;:&quot;{score}\\\/{best} - ({count} {votes})&quot;,&quot;font_factor&quot;:&quot;1.25&quot;}'>\n            \n<div class=\"kksr-stars\">\n    \n<div class=\"kksr-stars-inactive\">\n            <div class=\"kksr-star\" data-star=\"1\" style=\"padding-right: 5px\">\n            \n\n<div class=\"kksr-icon\" style=\"width: 24px; height: 24px;\"><\/div>\n        <\/div>\n            <div class=\"kksr-star\" data-star=\"2\" style=\"padding-right: 5px\">\n            \n\n<div class=\"kksr-icon\" style=\"width: 24px; height: 24px;\"><\/div>\n        <\/div>\n            <div class=\"kksr-star\" data-star=\"3\" style=\"padding-right: 5px\">\n            \n\n<div class=\"kksr-icon\" style=\"width: 24px; height: 24px;\"><\/div>\n        <\/div>\n            <div class=\"kksr-star\" data-star=\"4\" style=\"padding-right: 5px\">\n            \n\n<div class=\"kksr-icon\" style=\"width: 24px; height: 24px;\"><\/div>\n        <\/div>\n            <div class=\"kksr-star\" data-star=\"5\" style=\"padding-right: 5px\">\n            \n\n<div class=\"kksr-icon\" style=\"width: 24px; height: 24px;\"><\/div>\n        <\/div>\n    <\/div>\n    \n<div class=\"kksr-stars-active\" style=\"width: 0px;\">\n            <div class=\"kksr-star\" style=\"padding-right: 5px\">\n            \n\n<div class=\"kksr-icon\" style=\"width: 24px; height: 24px;\"><\/div>\n        <\/div>\n            <div class=\"kksr-star\" style=\"padding-right: 5px\">\n            \n\n<div class=\"kksr-icon\" style=\"width: 24px; height: 24px;\"><\/div>\n        <\/div>\n            <div class=\"kksr-star\" style=\"padding-right: 5px\">\n            \n\n<div class=\"kksr-icon\" style=\"width: 24px; height: 24px;\"><\/div>\n        <\/div>\n            <div class=\"kksr-star\" style=\"padding-right: 5px\">\n            \n\n<div class=\"kksr-icon\" style=\"width: 24px; height: 24px;\"><\/div>\n        <\/div>\n            <div class=\"kksr-star\" style=\"padding-right: 5px\">\n            \n\n<div class=\"kksr-icon\" style=\"width: 24px; height: 24px;\"><\/div>\n        <\/div>\n    <\/div>\n<\/div>\n                \n\n<div class=\"kksr-legend\" style=\"font-size: 19.2px;\">\n            <span class=\"kksr-muted\">Rate this post<\/span>\n    <\/div>\n    <\/div>\n<h1>La France durcit sa politique envers les \u00e9tudiants \u00e9trangers \u00e0 partir de 2026<\/h1>\n<h2 data-start=\"308\" data-end=\"370\">Une r\u00e9forme majeure de la politique universitaire fran\u00e7aise<\/h2>\n<p data-start=\"372\" data-end=\"609\">\u00c0 partir de l\u2019ann\u00e9e universitaire 2026, le gouvernement fran\u00e7ais mettra en place une nouvelle politique concernant les \u00e9tudiants \u00e9trangers hors Union europ\u00e9enne (UE), marqu\u00e9e par une augmentation significative des frais de scolarit\u00e9.<\/p>\n<p data-start=\"611\" data-end=\"868\">Les frais annuels passeront \u00e0 2 895 euros pour le niveau licence et \u00e0 3 941 euros pour le niveau master (environ 4 200 USD). Jusqu\u2019\u00e0 pr\u00e9sent, ces montants \u00e9taient beaucoup plus faibles, soit 178 euros pour la licence et 254 euros pour le master.<\/p>\n<p data-start=\"870\" data-end=\"995\">Cette mesure concernera les nouveaux \u00e9tudiants ainsi que ceux changeant de cycle, \u00e0 l\u2019exception des b\u00e9n\u00e9ficiaires de bourses.<\/p>\n<figure id=\"attachment_791\" aria-describedby=\"caption-attachment-791\" style=\"width: 1027px\" class=\"wp-caption alignleft\"><img loading=\"lazy\" decoding=\"async\" class=\"size-full wp-image-791\" src=\"https:\/\/indochinapost.com\/fr\/wp-content\/uploads\/2026\/04\/Anh-chup-man-hinh-2026-04-22-171657.png\" alt=\"La France durcit sa politique envers les \u00e9tudiants \u00e9trangers \u00e0 partir de 2026\" width=\"1027\" height=\"681\" srcset=\"https:\/\/indochinapost.com\/fr\/wp-content\/uploads\/2026\/04\/Anh-chup-man-hinh-2026-04-22-171657.png 1027w, https:\/\/indochinapost.com\/fr\/wp-content\/uploads\/2026\/04\/Anh-chup-man-hinh-2026-04-22-171657-300x199.png 300w, https:\/\/indochinapost.com\/fr\/wp-content\/uploads\/2026\/04\/Anh-chup-man-hinh-2026-04-22-171657-1024x679.png 1024w, https:\/\/indochinapost.com\/fr\/wp-content\/uploads\/2026\/04\/Anh-chup-man-hinh-2026-04-22-171657-768x509.png 768w\" sizes=\"auto, (max-width: 1027px) 100vw, 1027px\" \/><figcaption id=\"caption-attachment-791\" class=\"wp-caption-text\">La France durcit sa politique envers les \u00e9tudiants \u00e9trangers \u00e0 partir de 2026<\/figcaption><\/figure>\n<h2 data-start=\"1002\" data-end=\"1049\">Le plan \u201cChoose France for Higher Education\u201d<\/h2>\n<p data-start=\"1051\" data-end=\"1295\">Le minist\u00e8re fran\u00e7ais de l\u2019Enseignement sup\u00e9rieur, dirig\u00e9 par Philippe Baptiste, a pr\u00e9sent\u00e9 ce programme sous le nom de <strong data-start=\"1171\" data-end=\"1211\">\u201cChoose France for Higher Education\u201d<\/strong>. Il s\u2019inscrit dans la continuit\u00e9 du dispositif \u201cBienvenue en France\u201d lanc\u00e9 en 2018.<\/p>\n<p data-start=\"1297\" data-end=\"1448\">L\u2019objectif est de <strong data-start=\"1315\" data-end=\"1358\">r\u00e9organiser l\u2019attractivit\u00e9 de la France<\/strong> en orientant l\u2019accueil des \u00e9tudiants internationaux vers les besoins \u00e9conomiques du pays.<\/p>\n<h2 data-start=\"1455\" data-end=\"1509\">R\u00e9duction des exon\u00e9rations et \u00e9volution des bourses<\/h2>\n<p data-start=\"1511\" data-end=\"1628\">Le gouvernement pr\u00e9voit \u00e9galement de limiter les exon\u00e9rations de frais de scolarit\u00e9 dans les universit\u00e9s fran\u00e7aises :<\/p>\n<ul data-start=\"1630\" data-end=\"1875\">\n<li data-start=\"1630\" data-end=\"1730\">Environ <strong data-start=\"1640\" data-end=\"1690\">10 % des \u00e9tudiants \u00e9trangers par \u00e9tablissement<\/strong> pourront b\u00e9n\u00e9ficier d\u2019une exon\u00e9ration<\/li>\n<li data-start=\"1731\" data-end=\"1768\">Fin des exon\u00e9rations g\u00e9n\u00e9ralis\u00e9es<\/li>\n<li data-start=\"1769\" data-end=\"1875\">Les bourses seront davantage cibl\u00e9es sur les \u00e9tudiants les plus m\u00e9ritants et les fili\u00e8res prioritaires<\/li>\n<\/ul>\n<p data-start=\"1877\" data-end=\"2020\">Cette r\u00e9forme pourrait g\u00e9n\u00e9rer environ <strong data-start=\"1916\" data-end=\"1947\">250 millions d\u2019euros par an<\/strong> pour les universit\u00e9s fran\u00e7aises dans les deux \u00e0 trois prochaines ann\u00e9es.<\/p>\n<h2 data-start=\"2027\" data-end=\"2064\">Priorit\u00e9 aux fili\u00e8res strat\u00e9giques<\/h2>\n<p data-start=\"2066\" data-end=\"2182\">La France souhaite attirer davantage d\u2019\u00e9tudiants dans des secteurs consid\u00e9r\u00e9s comme strat\u00e9giques pour son \u00e9conomie :<\/p>\n<ul data-start=\"2184\" data-end=\"2287\">\n<li data-start=\"2184\" data-end=\"2200\">Num\u00e9rique \ud83d\udcbb<\/li>\n<li data-start=\"2201\" data-end=\"2233\">Intelligence artificielle \ud83e\udd16<\/li>\n<li data-start=\"2234\" data-end=\"2264\">Technologies quantiques \u269b\ufe0f<\/li>\n<li data-start=\"2265\" data-end=\"2287\">Biotechnologies \ud83e\uddec<\/li>\n<\/ul>\n<p data-start=\"2289\" data-end=\"2442\">Le pays estime avoir besoin d\u2019environ <strong data-start=\"2327\" data-end=\"2377\">40 000 ing\u00e9nieurs et 40 000 techniciens par an<\/strong>, un besoin que la formation nationale ne couvre pas enti\u00e8rement.<\/p>\n<p data-start=\"2444\" data-end=\"2564\">En cons\u00e9quence, pr\u00e8s de <strong data-start=\"2468\" data-end=\"2504\">60 % des bourses internationales<\/strong> seront attribu\u00e9es aux fili\u00e8res scientifiques et techniques.<\/p>\n<h2 data-start=\"2571\" data-end=\"2616\">Des critiques sur une r\u00e9forme controvers\u00e9e<\/h2>\n<p data-start=\"2618\" data-end=\"2695\">Cette r\u00e9forme suscite des r\u00e9actions contrast\u00e9es dans le milieu universitaire.<\/p>\n<p data-start=\"2697\" data-end=\"2902\">Certains repr\u00e9sentants \u00e9tudiants, dont Suzanne Nijdam, estiment que cette politique pourrait <strong data-start=\"2790\" data-end=\"2836\">limiter l\u2019acc\u00e8s \u00e0 l\u2019enseignement sup\u00e9rieur<\/strong> pour les \u00e9tudiants \u00e9trangers et introduire une forme d\u2019in\u00e9galit\u00e9.<\/p>\n<p data-start=\"2904\" data-end=\"3051\">Des experts s\u2019interrogent \u00e9galement sur l\u2019impact \u00e0 long terme de cette hausse des frais sur l\u2019attractivit\u00e9 de la France comme destination d\u2019\u00e9tudes.<\/p>\n<p data-start=\"3073\" data-end=\"3353\">Avec cette r\u00e9forme, la France op\u00e8re un changement strat\u00e9gique majeur : passer d\u2019une politique d\u2019accueil large \u00e0 une s\u00e9lection plus cibl\u00e9e des \u00e9tudiants internationaux selon les besoins \u00e9conomiques du pays. Cependant, ses effets sur l\u2019attractivit\u00e9 universitaire restent incertains.<\/p>\n","protected":false},"excerpt":{"rendered":"<p>La France durcit sa politique envers les \u00e9tudiants \u00e9trangers \u00e0 partir de 2026 Une r\u00e9forme majeure de la politique universitaire fran\u00e7aise \u00c0 partir de l\u2019ann\u00e9e universitaire 2026, le gouvernement fran\u00e7ais mettra en place une nouvelle politique concernant les \u00e9tudiants \u00e9trangers hors Union europ\u00e9enne (UE), marqu\u00e9e par une augmentation significative des frais de scolarit\u00e9. Les frais [&#8230;]\n","protected":false},"author":3,"featured_media":791,"comment_status":"open","ping_status":"open","sticky":false,"template":"","format":"standard","meta":{"footnotes":""},"categories":[1],"tags":[],"class_list":["post-790","post","type-post","status-publish","format-standard","has-post-thumbnail","hentry","category-chua-phan-loai"],"acf":[],"yoast_head":"<!-- This site is optimized with the Yoast SEO Premium plugin v20.13 (Yoast SEO v24.9) - https:\/\/yoast.com\/wordpress\/plugins\/seo\/ -->\n<title>La France durcit sa politique envers les \u00e9tudiants \u00e9trangers<\/title>\n<meta name=\"description\" content=\"La France durcit sa politique envers les \u00e9tudiants \u00e9trangers \u00e0 partir de 2026, \u00c0 partir de l\u2019ann\u00e9e universitaire 2026,\" \/>\n<meta name=\"robots\" content=\"index, follow, max-snippet:-1, max-image-preview:large, max-video-preview:-1\" \/>\n<link rel=\"canonical\" href=\"https:\/\/indochinapost.com\/fr\/la-france-durcit-sa-politique-envers-les-etudiants-etrangers-a-partir-de-2026\/\" \/>\n<meta property=\"og:locale\" content=\"vi_VN\" \/>\n<meta property=\"og:type\" content=\"article\" \/>\n<meta property=\"og:title\" content=\"La France durcit sa politique envers les \u00e9tudiants \u00e9trangers \u00e0 partir de 2026\" \/>\n<meta property=\"og:description\" content=\"La France durcit sa politique envers les \u00e9tudiants \u00e9trangers \u00e0 partir de 2026, \u00c0 partir de l\u2019ann\u00e9e universitaire 2026,\" \/>\n<meta property=\"og:url\" content=\"https:\/\/indochinapost.com\/fr\/la-france-durcit-sa-politique-envers-les-etudiants-etrangers-a-partir-de-2026\/\" \/>\n<meta property=\"og:site_name\" content=\"INDOCHINAPOST FRANCE\" \/>\n<meta property=\"article:published_time\" content=\"2026-04-22T10:20:11+00:00\" \/>\n<meta property=\"og:image\" content=\"https:\/\/indochinapost.com\/fr\/wp-content\/uploads\/2026\/04\/Anh-chup-man-hinh-2026-04-22-171657.png\" \/>\n\t<meta property=\"og:image:width\" content=\"1027\" \/>\n\t<meta property=\"og:image:height\" content=\"681\" \/>\n\t<meta property=\"og:image:type\" content=\"image\/png\" \/>\n<meta name=\"author\" content=\"tts_hanoi\" \/>\n<meta name=\"twitter:card\" content=\"summary_large_image\" \/>\n<meta name=\"twitter:label1\" content=\"\u0110\u01b0\u1ee3c vi\u1ebft b\u1edfi\" \/>\n\t<meta name=\"twitter:data1\" content=\"tts_hanoi\" \/>\n\t<meta name=\"twitter:label2\" content=\"\u01af\u1edbc t\u00ednh th\u1eddi gian \u0111\u1ecdc\" \/>\n\t<meta name=\"twitter:data2\" content=\"3 ph\u00fat\" \/>\n<script type=\"application\/ld+json\" class=\"yoast-schema-graph\">{\"@context\":\"https:\/\/schema.org\",\"@graph\":[{\"@type\":\"WebPage\",\"@id\":\"https:\/\/indochinapost.com\/fr\/la-france-durcit-sa-politique-envers-les-etudiants-etrangers-a-partir-de-2026\/\",\"url\":\"https:\/\/indochinapost.com\/fr\/la-france-durcit-sa-politique-envers-les-etudiants-etrangers-a-partir-de-2026\/\",\"name\":\"La France durcit sa politique envers les \u00e9tudiants \u00e9trangers\",\"isPartOf\":{\"@id\":\"https:\/\/indochinapost.com\/fr\/#website\"},\"primaryImageOfPage\":{\"@id\":\"https:\/\/indochinapost.com\/fr\/la-france-durcit-sa-politique-envers-les-etudiants-etrangers-a-partir-de-2026\/#primaryimage\"},\"image\":{\"@id\":\"https:\/\/indochinapost.com\/fr\/la-france-durcit-sa-politique-envers-les-etudiants-etrangers-a-partir-de-2026\/#primaryimage\"},\"thumbnailUrl\":\"https:\/\/indochinapost.com\/fr\/wp-content\/uploads\/2026\/04\/Anh-chup-man-hinh-2026-04-22-171657.png\",\"datePublished\":\"2026-04-22T10:20:11+00:00\",\"author\":{\"@id\":\"https:\/\/indochinapost.com\/fr\/#\/schema\/person\/10513f60cf1a782735c0300c17f624ce\"},\"description\":\"La France durcit sa politique envers les \u00e9tudiants \u00e9trangers \u00e0 partir de 2026, \u00c0 partir de l\u2019ann\u00e9e universitaire 2026,\",\"breadcrumb\":{\"@id\":\"https:\/\/indochinapost.com\/fr\/la-france-durcit-sa-politique-envers-les-etudiants-etrangers-a-partir-de-2026\/#breadcrumb\"},\"inLanguage\":\"vi\",\"potentialAction\":[{\"@type\":\"ReadAction\",\"target\":[\"https:\/\/indochinapost.com\/fr\/la-france-durcit-sa-politique-envers-les-etudiants-etrangers-a-partir-de-2026\/\"]}]},{\"@type\":\"ImageObject\",\"inLanguage\":\"vi\",\"@id\":\"https:\/\/indochinapost.com\/fr\/la-france-durcit-sa-politique-envers-les-etudiants-etrangers-a-partir-de-2026\/#primaryimage\",\"url\":\"https:\/\/indochinapost.com\/fr\/wp-content\/uploads\/2026\/04\/Anh-chup-man-hinh-2026-04-22-171657.png\",\"contentUrl\":\"https:\/\/indochinapost.com\/fr\/wp-content\/uploads\/2026\/04\/Anh-chup-man-hinh-2026-04-22-171657.png\",\"width\":1027,\"height\":681,\"caption\":\"La France durcit sa politique envers les \u00e9tudiants \u00e9trangers \u00e0 partir de 2026\"},{\"@type\":\"BreadcrumbList\",\"@id\":\"https:\/\/indochinapost.com\/fr\/la-france-durcit-sa-politique-envers-les-etudiants-etrangers-a-partir-de-2026\/#breadcrumb\",\"itemListElement\":[{\"@type\":\"ListItem\",\"position\":1,\"name\":\"Trang ch\u1ee7\",\"item\":\"https:\/\/indochinapost.com\/fr\/\"},{\"@type\":\"ListItem\",\"position\":2,\"name\":\"La France durcit sa politique envers les \u00e9tudiants \u00e9trangers \u00e0 partir de 2026\"}]},{\"@type\":\"WebSite\",\"@id\":\"https:\/\/indochinapost.com\/fr\/#website\",\"url\":\"https:\/\/indochinapost.com\/fr\/\",\"name\":\"INDOCHINAPOST FRANCE\",\"description\":\"\",\"potentialAction\":[{\"@type\":\"SearchAction\",\"target\":{\"@type\":\"EntryPoint\",\"urlTemplate\":\"https:\/\/indochinapost.com\/fr\/?s={search_term_string}\"},\"query-input\":{\"@type\":\"PropertyValueSpecification\",\"valueRequired\":true,\"valueName\":\"search_term_string\"}}],\"inLanguage\":\"vi\"},{\"@type\":\"Person\",\"@id\":\"https:\/\/indochinapost.com\/fr\/#\/schema\/person\/10513f60cf1a782735c0300c17f624ce\",\"name\":\"tts_hanoi\",\"image\":{\"@type\":\"ImageObject\",\"inLanguage\":\"vi\",\"@id\":\"https:\/\/indochinapost.com\/fr\/#\/schema\/person\/image\/\",\"url\":\"https:\/\/secure.gravatar.com\/avatar\/2289d79150e1e22d803f7e00e527a5a4d10cebbe749892e954f3747fe6f8415f?s=96&d=mm&r=g\",\"contentUrl\":\"https:\/\/secure.gravatar.com\/avatar\/2289d79150e1e22d803f7e00e527a5a4d10cebbe749892e954f3747fe6f8415f?s=96&d=mm&r=g\",\"caption\":\"tts_hanoi\"},\"url\":\"https:\/\/indochinapost.com\/fr\/author\/tts_hanoi\/\"}]}<\/script>\n<!-- \/ Yoast SEO Premium plugin. -->","yoast_head_json":{"title":"La France durcit sa politique envers les \u00e9tudiants \u00e9trangers","description":"La France durcit sa politique envers les \u00e9tudiants \u00e9trangers \u00e0 partir de 2026, \u00c0 partir de l\u2019ann\u00e9e universitaire 2026,","robots":{"index":"index","follow":"follow","max-snippet":"max-snippet:-1","max-image-preview":"max-image-preview:large","max-video-preview":"max-video-preview:-1"},"canonical":"https:\/\/indochinapost.com\/fr\/la-france-durcit-sa-politique-envers-les-etudiants-etrangers-a-partir-de-2026\/","og_locale":"vi_VN","og_type":"article","og_title":"La France durcit sa politique envers les \u00e9tudiants \u00e9trangers \u00e0 partir de 2026","og_description":"La France durcit sa politique envers les \u00e9tudiants \u00e9trangers \u00e0 partir de 2026, \u00c0 partir de l\u2019ann\u00e9e universitaire 2026,","og_url":"https:\/\/indochinapost.com\/fr\/la-france-durcit-sa-politique-envers-les-etudiants-etrangers-a-partir-de-2026\/","og_site_name":"INDOCHINAPOST FRANCE","article_published_time":"2026-04-22T10:20:11+00:00","og_image":[{"width":1027,"height":681,"url":"https:\/\/indochinapost.com\/fr\/wp-content\/uploads\/2026\/04\/Anh-chup-man-hinh-2026-04-22-171657.png","type":"image\/png"}],"author":"tts_hanoi","twitter_card":"summary_large_image","twitter_misc":{"\u0110\u01b0\u1ee3c vi\u1ebft b\u1edfi":"tts_hanoi","\u01af\u1edbc t\u00ednh th\u1eddi gian \u0111\u1ecdc":"3 ph\u00fat"},"schema":{"@context":"https:\/\/schema.org","@graph":[{"@type":"WebPage","@id":"https:\/\/indochinapost.com\/fr\/la-france-durcit-sa-politique-envers-les-etudiants-etrangers-a-partir-de-2026\/","url":"https:\/\/indochinapost.com\/fr\/la-france-durcit-sa-politique-envers-les-etudiants-etrangers-a-partir-de-2026\/","name":"La France durcit sa politique envers les \u00e9tudiants \u00e9trangers","isPartOf":{"@id":"https:\/\/indochinapost.com\/fr\/#website"},"primaryImageOfPage":{"@id":"https:\/\/indochinapost.com\/fr\/la-france-durcit-sa-politique-envers-les-etudiants-etrangers-a-partir-de-2026\/#primaryimage"},"image":{"@id":"https:\/\/indochinapost.com\/fr\/la-france-durcit-sa-politique-envers-les-etudiants-etrangers-a-partir-de-2026\/#primaryimage"},"thumbnailUrl":"https:\/\/indochinapost.com\/fr\/wp-content\/uploads\/2026\/04\/Anh-chup-man-hinh-2026-04-22-171657.png","datePublished":"2026-04-22T10:20:11+00:00","author":{"@id":"https:\/\/indochinapost.com\/fr\/#\/schema\/person\/10513f60cf1a782735c0300c17f624ce"},"description":"La France durcit sa politique envers les \u00e9tudiants \u00e9trangers \u00e0 partir de 2026, \u00c0 partir de l\u2019ann\u00e9e universitaire 2026,","breadcrumb":{"@id":"https:\/\/indochinapost.com\/fr\/la-france-durcit-sa-politique-envers-les-etudiants-etrangers-a-partir-de-2026\/#breadcrumb"},"inLanguage":"vi","potentialAction":[{"@type":"ReadAction","target":["https:\/\/indochinapost.com\/fr\/la-france-durcit-sa-politique-envers-les-etudiants-etrangers-a-partir-de-2026\/"]}]},{"@type":"ImageObject","inLanguage":"vi","@id":"https:\/\/indochinapost.com\/fr\/la-france-durcit-sa-politique-envers-les-etudiants-etrangers-a-partir-de-2026\/#primaryimage","url":"https:\/\/indochinapost.com\/fr\/wp-content\/uploads\/2026\/04\/Anh-chup-man-hinh-2026-04-22-171657.png","contentUrl":"https:\/\/indochinapost.com\/fr\/wp-content\/uploads\/2026\/04\/Anh-chup-man-hinh-2026-04-22-171657.png","width":1027,"height":681,"caption":"La France durcit sa politique envers les \u00e9tudiants \u00e9trangers \u00e0 partir de 2026"},{"@type":"BreadcrumbList","@id":"https:\/\/indochinapost.com\/fr\/la-france-durcit-sa-politique-envers-les-etudiants-etrangers-a-partir-de-2026\/#breadcrumb","itemListElement":[{"@type":"ListItem","position":1,"name":"Trang ch\u1ee7","item":"https:\/\/indochinapost.com\/fr\/"},{"@type":"ListItem","position":2,"name":"La France durcit sa politique envers les \u00e9tudiants \u00e9trangers \u00e0 partir de 2026"}]},{"@type":"WebSite","@id":"https:\/\/indochinapost.com\/fr\/#website","url":"https:\/\/indochinapost.com\/fr\/","name":"INDOCHINAPOST FRANCE","description":"","potentialAction":[{"@type":"SearchAction","target":{"@type":"EntryPoint","urlTemplate":"https:\/\/indochinapost.com\/fr\/?s={search_term_string}"},"query-input":{"@type":"PropertyValueSpecification","valueRequired":true,"valueName":"search_term_string"}}],"inLanguage":"vi"},{"@type":"Person","@id":"https:\/\/indochinapost.com\/fr\/#\/schema\/person\/10513f60cf1a782735c0300c17f624ce","name":"tts_hanoi","image":{"@type":"ImageObject","inLanguage":"vi","@id":"https:\/\/indochinapost.com\/fr\/#\/schema\/person\/image\/","url":"https:\/\/secure.gravatar.com\/avatar\/2289d79150e1e22d803f7e00e527a5a4d10cebbe749892e954f3747fe6f8415f?s=96&d=mm&r=g","contentUrl":"https:\/\/secure.gravatar.com\/avatar\/2289d79150e1e22d803f7e00e527a5a4d10cebbe749892e954f3747fe6f8415f?s=96&d=mm&r=g","caption":"tts_hanoi"},"url":"https:\/\/indochinapost.com\/fr\/author\/tts_hanoi\/"}]}},"_links":{"self":[{"href":"https:\/\/indochinapost.com\/fr\/wp-json\/wp\/v2\/posts\/790","targetHints":{"allow":["GET"]}}],"collection":[{"href":"https:\/\/indochinapost.com\/fr\/wp-json\/wp\/v2\/posts"}],"about":[{"href":"https:\/\/indochinapost.com\/fr\/wp-json\/wp\/v2\/types\/post"}],"author":[{"embeddable":true,"href":"https:\/\/indochinapost.com\/fr\/wp-json\/wp\/v2\/users\/3"}],"replies":[{"embeddable":true,"href":"https:\/\/indochinapost.com\/fr\/wp-json\/wp\/v2\/comments?post=790"}],"version-history":[{"count":1,"href":"https:\/\/indochinapost.com\/fr\/wp-json\/wp\/v2\/posts\/790\/revisions"}],"predecessor-version":[{"id":792,"href":"https:\/\/indochinapost.com\/fr\/wp-json\/wp\/v2\/posts\/790\/revisions\/792"}],"wp:featuredmedia":[{"embeddable":true,"href":"https:\/\/indochinapost.com\/fr\/wp-json\/wp\/v2\/media\/791"}],"wp:attachment":[{"href":"https:\/\/indochinapost.com\/fr\/wp-json\/wp\/v2\/media?parent=790"}],"wp:term":[{"taxonomy":"category","embeddable":true,"href":"https:\/\/indochinapost.com\/fr\/wp-json\/wp\/v2\/categories?post=790"},{"taxonomy":"post_tag","embeddable":true,"href":"https:\/\/indochinapost.com\/fr\/wp-json\/wp\/v2\/tags?post=790"}],"curies":[{"name":"wp","href":"https:\/\/api.w.org\/{rel}","templated":true}]}}