{"id":756,"date":"2026-04-16T06:57:04","date_gmt":"2026-04-16T06:57:04","guid":{"rendered":"https:\/\/indochinapost.com\/fr\/?p=756"},"modified":"2026-04-16T06:57:04","modified_gmt":"2026-04-16T06:57:04","slug":"israel-exclut-la-france-des-negociations-avec-le-liban-les-relations-bilaterales-se-degradent","status":"publish","type":"post","link":"https:\/\/indochinapost.com\/fr\/israel-exclut-la-france-des-negociations-avec-le-liban-les-relations-bilaterales-se-degradent\/","title":{"rendered":"Isra\u00ebl exclut la France des n\u00e9gociations avec le Liban, les relations bilat\u00e9rales se d\u00e9gradent"},"content":{"rendered":"\n\n<div class=\"kk-star-ratings kksr-auto kksr-align-left kksr-valign-top\"\n    data-payload='{&quot;align&quot;:&quot;left&quot;,&quot;id&quot;:&quot;756&quot;,&quot;slug&quot;:&quot;default&quot;,&quot;valign&quot;:&quot;top&quot;,&quot;ignore&quot;:&quot;&quot;,&quot;reference&quot;:&quot;auto&quot;,&quot;class&quot;:&quot;&quot;,&quot;count&quot;:&quot;0&quot;,&quot;legendonly&quot;:&quot;&quot;,&quot;readonly&quot;:&quot;&quot;,&quot;score&quot;:&quot;0&quot;,&quot;starsonly&quot;:&quot;&quot;,&quot;best&quot;:&quot;5&quot;,&quot;gap&quot;:&quot;5&quot;,&quot;greet&quot;:&quot;Rate this post&quot;,&quot;legend&quot;:&quot;0\\\/5 - (0 b\u00ecnh ch\u1ecdn)&quot;,&quot;size&quot;:&quot;24&quot;,&quot;title&quot;:&quot;Isra\u00ebl exclut la France des n\u00e9gociations avec le Liban, les relations bilat\u00e9rales se d\u00e9gradent&quot;,&quot;width&quot;:&quot;0&quot;,&quot;_legend&quot;:&quot;{score}\\\/{best} - ({count} {votes})&quot;,&quot;font_factor&quot;:&quot;1.25&quot;}'>\n            \n<div class=\"kksr-stars\">\n    \n<div class=\"kksr-stars-inactive\">\n            <div class=\"kksr-star\" data-star=\"1\" style=\"padding-right: 5px\">\n            \n\n<div class=\"kksr-icon\" style=\"width: 24px; height: 24px;\"><\/div>\n        <\/div>\n            <div class=\"kksr-star\" data-star=\"2\" style=\"padding-right: 5px\">\n            \n\n<div class=\"kksr-icon\" style=\"width: 24px; height: 24px;\"><\/div>\n        <\/div>\n            <div class=\"kksr-star\" data-star=\"3\" style=\"padding-right: 5px\">\n            \n\n<div class=\"kksr-icon\" style=\"width: 24px; height: 24px;\"><\/div>\n        <\/div>\n            <div class=\"kksr-star\" data-star=\"4\" style=\"padding-right: 5px\">\n            \n\n<div class=\"kksr-icon\" style=\"width: 24px; height: 24px;\"><\/div>\n        <\/div>\n            <div class=\"kksr-star\" data-star=\"5\" style=\"padding-right: 5px\">\n            \n\n<div class=\"kksr-icon\" style=\"width: 24px; height: 24px;\"><\/div>\n        <\/div>\n    <\/div>\n    \n<div class=\"kksr-stars-active\" style=\"width: 0px;\">\n            <div class=\"kksr-star\" style=\"padding-right: 5px\">\n            \n\n<div class=\"kksr-icon\" style=\"width: 24px; height: 24px;\"><\/div>\n        <\/div>\n            <div class=\"kksr-star\" style=\"padding-right: 5px\">\n            \n\n<div class=\"kksr-icon\" style=\"width: 24px; height: 24px;\"><\/div>\n        <\/div>\n            <div class=\"kksr-star\" style=\"padding-right: 5px\">\n            \n\n<div class=\"kksr-icon\" style=\"width: 24px; height: 24px;\"><\/div>\n        <\/div>\n            <div class=\"kksr-star\" style=\"padding-right: 5px\">\n            \n\n<div class=\"kksr-icon\" style=\"width: 24px; height: 24px;\"><\/div>\n        <\/div>\n            <div class=\"kksr-star\" style=\"padding-right: 5px\">\n            \n\n<div class=\"kksr-icon\" style=\"width: 24px; height: 24px;\"><\/div>\n        <\/div>\n    <\/div>\n<\/div>\n                \n\n<div class=\"kksr-legend\" style=\"font-size: 19.2px;\">\n            <span class=\"kksr-muted\">Rate this post<\/span>\n    <\/div>\n    <\/div>\n<h1 data-section-id=\"1mv9sf8\" data-start=\"0\" data-end=\"97\">Isra\u00ebl exclut la France des n\u00e9gociations avec le Liban, les relations bilat\u00e9rales se d\u00e9gradent<\/h1>\n<h2 data-section-id=\"bd5fwl\" data-start=\"331\" data-end=\"389\">Des divergences croissantes sur l\u2019Iran et le Hezbollah<\/h2>\n<p data-start=\"391\" data-end=\"598\">Les relations entre <strong data-start=\"411\" data-end=\"421\">Isra\u00ebl<\/strong> et la <strong data-start=\"428\" data-end=\"438\">France<\/strong> se d\u00e9t\u00e9riorent nettement sur fond de d\u00e9saccords concernant la situation au Moyen-Orient, notamment sur le dossier iranien et le r\u00f4le du <strong data-start=\"575\" data-end=\"588\">Hezbollah<\/strong> au Liban.<\/p>\n<p data-start=\"600\" data-end=\"871\">La France a exprim\u00e9 \u00e0 plusieurs reprises son opposition aux op\u00e9rations militaires d\u2019envergure men\u00e9es par Isra\u00ebl et les \u00c9tats-Unis contre l\u2019Iran. Le pr\u00e9sident <strong data-start=\"758\" data-end=\"777\">Emmanuel Macron<\/strong> privil\u00e9gie une approche diplomatique visant \u00e0 r\u00e9duire les tensions et \u00e0 stabiliser la r\u00e9gion.<\/p>\n<figure id=\"attachment_757\" aria-describedby=\"caption-attachment-757\" style=\"width: 988px\" class=\"wp-caption alignleft\"><img loading=\"lazy\" decoding=\"async\" class=\" wp-image-757\" src=\"https:\/\/indochinapost.com\/fr\/wp-content\/uploads\/2026\/04\/1604-Israel.jpeg\" alt=\"Isra\u00ebl exclut la France des n\u00e9gociations avec le Liban, les relations bilat\u00e9rales se d\u00e9gradent\" width=\"988\" height=\"618\" srcset=\"https:\/\/indochinapost.com\/fr\/wp-content\/uploads\/2026\/04\/1604-Israel.jpeg 640w, https:\/\/indochinapost.com\/fr\/wp-content\/uploads\/2026\/04\/1604-Israel-300x188.jpeg 300w\" sizes=\"auto, (max-width: 988px) 100vw, 988px\" \/><figcaption id=\"caption-attachment-757\" class=\"wp-caption-text\">Isra\u00ebl exclut la France des n\u00e9gociations avec le Liban, les relations bilat\u00e9rales se d\u00e9gradent<\/figcaption><\/figure>\n<h2 data-section-id=\"yonbxx\" data-start=\"873\" data-end=\"941\">R\u00e9action ferme d\u2019Isra\u00ebl : suspension de la coop\u00e9ration militaire<\/h2>\n<p data-start=\"943\" data-end=\"1214\">En r\u00e9ponse \u00e0 la position fran\u00e7aise, Isra\u00ebl a adopt\u00e9 des mesures fermes. Le minist\u00e8re isra\u00e9lien de la D\u00e9fense a annonc\u00e9 la <strong data-start=\"1065\" data-end=\"1129\">suspension de tous les achats de d\u00e9fense aupr\u00e8s de la France<\/strong>, estimant que certaines d\u00e9cisions r\u00e9centes de Paris nuisent \u00e0 sa s\u00e9curit\u00e9 nationale.<\/p>\n<p data-start=\"1216\" data-end=\"1334\">De son c\u00f4t\u00e9, la France rejette ces accusations et affirme que ses politiques ne visent pas \u00e0 porter atteinte \u00e0 Isra\u00ebl.<\/p>\n<h2 data-section-id=\"1ydl1jj\" data-start=\"1336\" data-end=\"1395\">Paris \u00e9cart\u00e9 des n\u00e9gociations Isra\u00ebl\u2013Liban \u00e0 Washington<\/h2>\n<p data-start=\"1397\" data-end=\"1562\">Un point marquant est la d\u00e9cision d\u2019Isra\u00ebl de <strong data-start=\"1443\" data-end=\"1524\">refuser la participation de la France aux n\u00e9gociations directes avec le Liban<\/strong> organis\u00e9es \u00e0 Washington (\u00c9tats-Unis).<\/p>\n<p data-start=\"1564\" data-end=\"1706\">Malgr\u00e9 la volont\u00e9 de Paris de jouer un r\u00f4le de m\u00e9diateur, les autorit\u00e9s isra\u00e9liennes consid\u00e8rent cette participation comme \u00ab non n\u00e9cessaire \u00bb.<\/p>\n<p data-start=\"1708\" data-end=\"1907\">L\u2019ambassadeur d\u2019Isra\u00ebl aux \u00c9tats-Unis, <strong data-start=\"1747\" data-end=\"1765\">Yechiel Leiter<\/strong>, a soulign\u00e9 la volont\u00e9 de son pays de limiter le r\u00f4le de la France dans les processus diplomatiques, en particulier les n\u00e9gociations de paix.<\/p>\n<h2 data-section-id=\"15ws1hg\" data-start=\"1909\" data-end=\"1973\">D\u00e9saccords sur l\u2019espace a\u00e9rien et la coop\u00e9ration strat\u00e9gique<\/h2>\n<p data-start=\"1975\" data-end=\"2198\">Les tensions portent \u00e9galement sur des questions concr\u00e8tes, notamment des accusations selon lesquelles la France aurait <strong data-start=\"2095\" data-end=\"2167\">refus\u00e9 l\u2019acc\u00e8s de son espace a\u00e9rien aux avions militaires isra\u00e9liens<\/strong> lors des tensions avec l\u2019Iran.<\/p>\n<p data-start=\"2200\" data-end=\"2330\">Isra\u00ebl consid\u00e8re cette d\u00e9cision comme un obstacle op\u00e9rationnel, tandis que la France \u00e9voque l\u2019existence d\u2019itin\u00e9raires alternatifs.<\/p>\n<p data-start=\"2332\" data-end=\"2378\">Par ailleurs, Isra\u00ebl critique la France pour :<\/p>\n<ul data-start=\"2379\" data-end=\"2608\">\n<li data-section-id=\"1bl6u4b\" data-start=\"2379\" data-end=\"2483\">la restriction de la participation d\u2019entreprises isra\u00e9liennes de d\u00e9fense \u00e0 des salons internationaux<\/li>\n<li data-section-id=\"fzjkxe\" data-start=\"2484\" data-end=\"2520\">le gel de licences d\u2019exportation<\/li>\n<li data-section-id=\"17yqy33\" data-start=\"2521\" data-end=\"2608\">son soutien \u00e0 certaines initiatives diplomatiques li\u00e9es \u00e0 la question palestinienne<\/li>\n<\/ul>\n<p data-start=\"2610\" data-end=\"2704\">La France rejette ces critiques et r\u00e9affirme son engagement en faveur de la s\u00e9curit\u00e9 d\u2019Isra\u00ebl.<\/p>\n<h2 data-section-id=\"d8p6x\" data-start=\"2706\" data-end=\"2763\">Une relation fragilis\u00e9e, des perspectives incertaines<\/h2>\n<p data-start=\"2765\" data-end=\"3017\">Selon plusieurs analystes, la suspension des achats militaires a surtout une port\u00e9e politique, les \u00e9changes de d\u00e9fense entre les deux pays \u00e9tant relativement limit\u00e9s. N\u00e9anmoins, cette d\u00e9cision illustre une d\u00e9gradation notable des relations bilat\u00e9rales.<\/p>\n<p data-start=\"3019\" data-end=\"3081\">Les tensions pourraient affecter d\u2019autres domaines, tels que :<\/p>\n<ul data-start=\"3082\" data-end=\"3192\">\n<li data-section-id=\"8u2gv3\" data-start=\"3082\" data-end=\"3114\">le partage de renseignements<\/li>\n<li data-section-id=\"mmzb3g\" data-start=\"3115\" data-end=\"3145\">la coop\u00e9ration s\u00e9curitaire<\/li>\n<li data-section-id=\"ocyb1m\" data-start=\"3146\" data-end=\"3192\">les relations diplomatiques multilat\u00e9rales<\/li>\n<\/ul>\n<p data-start=\"3194\" data-end=\"3442\">\n","protected":false},"excerpt":{"rendered":"<p>Isra\u00ebl exclut la France des n\u00e9gociations avec le Liban, les relations bilat\u00e9rales se d\u00e9gradent Des divergences croissantes sur l\u2019Iran et le Hezbollah Les relations entre Isra\u00ebl et la France se d\u00e9t\u00e9riorent nettement sur fond de d\u00e9saccords concernant la situation au Moyen-Orient, notamment sur le dossier iranien et le r\u00f4le du Hezbollah au Liban. La France [&#8230;]\n","protected":false},"author":3,"featured_media":0,"comment_status":"open","ping_status":"open","sticky":false,"template":"","format":"standard","meta":{"footnotes":""},"categories":[1],"tags":[],"class_list":["post-756","post","type-post","status-publish","format-standard","hentry","category-chua-phan-loai"],"acf":[],"yoast_head":"<!-- This site is optimized with the Yoast SEO Premium plugin v20.13 (Yoast SEO v24.9) - https:\/\/yoast.com\/wordpress\/plugins\/seo\/ -->\n<title>Isra\u00ebl exclut la France des n\u00e9gociations avec le Liban<\/title>\n<meta name=\"description\" content=\"Isra\u00ebl exclut la France des n\u00e9gociations avec le Liban, les relations bilat\u00e9rales se d\u00e9gradent\" \/>\n<meta name=\"robots\" content=\"index, follow, max-snippet:-1, max-image-preview:large, max-video-preview:-1\" \/>\n<link rel=\"canonical\" href=\"https:\/\/indochinapost.com\/fr\/israel-exclut-la-france-des-negociations-avec-le-liban-les-relations-bilaterales-se-degradent\/\" \/>\n<meta property=\"og:locale\" content=\"vi_VN\" \/>\n<meta property=\"og:type\" content=\"article\" \/>\n<meta property=\"og:title\" content=\"Isra\u00ebl exclut la France des n\u00e9gociations avec le Liban, les relations bilat\u00e9rales se d\u00e9gradent\" \/>\n<meta property=\"og:description\" content=\"Isra\u00ebl exclut la France des n\u00e9gociations avec le Liban, les relations bilat\u00e9rales se d\u00e9gradent\" \/>\n<meta property=\"og:url\" content=\"https:\/\/indochinapost.com\/fr\/israel-exclut-la-france-des-negociations-avec-le-liban-les-relations-bilaterales-se-degradent\/\" \/>\n<meta property=\"og:site_name\" content=\"INDOCHINAPOST FRANCE\" \/>\n<meta property=\"article:published_time\" content=\"2026-04-16T06:57:04+00:00\" \/>\n<meta property=\"og:image\" content=\"https:\/\/indochinapost.com\/fr\/wp-content\/uploads\/2026\/04\/1604-Israel.jpeg\" \/>\n\t<meta property=\"og:image:width\" content=\"640\" \/>\n\t<meta property=\"og:image:height\" content=\"400\" \/>\n\t<meta property=\"og:image:type\" content=\"image\/jpeg\" \/>\n<meta name=\"author\" content=\"tts_hanoi\" \/>\n<meta name=\"twitter:card\" content=\"summary_large_image\" \/>\n<meta name=\"twitter:label1\" content=\"\u0110\u01b0\u1ee3c vi\u1ebft b\u1edfi\" \/>\n\t<meta name=\"twitter:data1\" content=\"tts_hanoi\" \/>\n\t<meta name=\"twitter:label2\" content=\"\u01af\u1edbc t\u00ednh th\u1eddi gian \u0111\u1ecdc\" \/>\n\t<meta name=\"twitter:data2\" content=\"3 ph\u00fat\" \/>\n<script type=\"application\/ld+json\" class=\"yoast-schema-graph\">{\"@context\":\"https:\/\/schema.org\",\"@graph\":[{\"@type\":\"WebPage\",\"@id\":\"https:\/\/indochinapost.com\/fr\/israel-exclut-la-france-des-negociations-avec-le-liban-les-relations-bilaterales-se-degradent\/\",\"url\":\"https:\/\/indochinapost.com\/fr\/israel-exclut-la-france-des-negociations-avec-le-liban-les-relations-bilaterales-se-degradent\/\",\"name\":\"Isra\u00ebl exclut la France des n\u00e9gociations avec le Liban\",\"isPartOf\":{\"@id\":\"https:\/\/indochinapost.com\/fr\/#website\"},\"primaryImageOfPage\":{\"@id\":\"https:\/\/indochinapost.com\/fr\/israel-exclut-la-france-des-negociations-avec-le-liban-les-relations-bilaterales-se-degradent\/#primaryimage\"},\"image\":{\"@id\":\"https:\/\/indochinapost.com\/fr\/israel-exclut-la-france-des-negociations-avec-le-liban-les-relations-bilaterales-se-degradent\/#primaryimage\"},\"thumbnailUrl\":\"https:\/\/indochinapost.com\/fr\/wp-content\/uploads\/2026\/04\/1604-Israel.jpeg\",\"datePublished\":\"2026-04-16T06:57:04+00:00\",\"author\":{\"@id\":\"https:\/\/indochinapost.com\/fr\/#\/schema\/person\/10513f60cf1a782735c0300c17f624ce\"},\"description\":\"Isra\u00ebl exclut la France des n\u00e9gociations avec le Liban, les relations bilat\u00e9rales se d\u00e9gradent\",\"breadcrumb\":{\"@id\":\"https:\/\/indochinapost.com\/fr\/israel-exclut-la-france-des-negociations-avec-le-liban-les-relations-bilaterales-se-degradent\/#breadcrumb\"},\"inLanguage\":\"vi\",\"potentialAction\":[{\"@type\":\"ReadAction\",\"target\":[\"https:\/\/indochinapost.com\/fr\/israel-exclut-la-france-des-negociations-avec-le-liban-les-relations-bilaterales-se-degradent\/\"]}]},{\"@type\":\"ImageObject\",\"inLanguage\":\"vi\",\"@id\":\"https:\/\/indochinapost.com\/fr\/israel-exclut-la-france-des-negociations-avec-le-liban-les-relations-bilaterales-se-degradent\/#primaryimage\",\"url\":\"https:\/\/indochinapost.com\/fr\/wp-content\/uploads\/2026\/04\/1604-Israel.jpeg\",\"contentUrl\":\"https:\/\/indochinapost.com\/fr\/wp-content\/uploads\/2026\/04\/1604-Israel.jpeg\",\"width\":640,\"height\":400,\"caption\":\"Isra\u00ebl exclut la France des n\u00e9gociations avec le Liban, les relations bilat\u00e9rales se d\u00e9gradent\"},{\"@type\":\"BreadcrumbList\",\"@id\":\"https:\/\/indochinapost.com\/fr\/israel-exclut-la-france-des-negociations-avec-le-liban-les-relations-bilaterales-se-degradent\/#breadcrumb\",\"itemListElement\":[{\"@type\":\"ListItem\",\"position\":1,\"name\":\"Trang ch\u1ee7\",\"item\":\"https:\/\/indochinapost.com\/fr\/\"},{\"@type\":\"ListItem\",\"position\":2,\"name\":\"Isra\u00ebl exclut la France des n\u00e9gociations avec le Liban, les relations bilat\u00e9rales se d\u00e9gradent\"}]},{\"@type\":\"WebSite\",\"@id\":\"https:\/\/indochinapost.com\/fr\/#website\",\"url\":\"https:\/\/indochinapost.com\/fr\/\",\"name\":\"INDOCHINAPOST FRANCE\",\"description\":\"\",\"potentialAction\":[{\"@type\":\"SearchAction\",\"target\":{\"@type\":\"EntryPoint\",\"urlTemplate\":\"https:\/\/indochinapost.com\/fr\/?s={search_term_string}\"},\"query-input\":{\"@type\":\"PropertyValueSpecification\",\"valueRequired\":true,\"valueName\":\"search_term_string\"}}],\"inLanguage\":\"vi\"},{\"@type\":\"Person\",\"@id\":\"https:\/\/indochinapost.com\/fr\/#\/schema\/person\/10513f60cf1a782735c0300c17f624ce\",\"name\":\"tts_hanoi\",\"image\":{\"@type\":\"ImageObject\",\"inLanguage\":\"vi\",\"@id\":\"https:\/\/indochinapost.com\/fr\/#\/schema\/person\/image\/\",\"url\":\"https:\/\/secure.gravatar.com\/avatar\/2289d79150e1e22d803f7e00e527a5a4d10cebbe749892e954f3747fe6f8415f?s=96&d=mm&r=g\",\"contentUrl\":\"https:\/\/secure.gravatar.com\/avatar\/2289d79150e1e22d803f7e00e527a5a4d10cebbe749892e954f3747fe6f8415f?s=96&d=mm&r=g\",\"caption\":\"tts_hanoi\"},\"url\":\"https:\/\/indochinapost.com\/fr\/author\/tts_hanoi\/\"}]}<\/script>\n<!-- \/ Yoast SEO Premium plugin. -->","yoast_head_json":{"title":"Isra\u00ebl exclut la France des n\u00e9gociations avec le Liban","description":"Isra\u00ebl exclut la France des n\u00e9gociations avec le Liban, les relations bilat\u00e9rales se d\u00e9gradent","robots":{"index":"index","follow":"follow","max-snippet":"max-snippet:-1","max-image-preview":"max-image-preview:large","max-video-preview":"max-video-preview:-1"},"canonical":"https:\/\/indochinapost.com\/fr\/israel-exclut-la-france-des-negociations-avec-le-liban-les-relations-bilaterales-se-degradent\/","og_locale":"vi_VN","og_type":"article","og_title":"Isra\u00ebl exclut la France des n\u00e9gociations avec le Liban, les relations bilat\u00e9rales se d\u00e9gradent","og_description":"Isra\u00ebl exclut la France des n\u00e9gociations avec le Liban, les relations bilat\u00e9rales se d\u00e9gradent","og_url":"https:\/\/indochinapost.com\/fr\/israel-exclut-la-france-des-negociations-avec-le-liban-les-relations-bilaterales-se-degradent\/","og_site_name":"INDOCHINAPOST FRANCE","article_published_time":"2026-04-16T06:57:04+00:00","og_image":[{"width":640,"height":400,"url":"https:\/\/indochinapost.com\/fr\/wp-content\/uploads\/2026\/04\/1604-Israel.jpeg","type":"image\/jpeg"}],"author":"tts_hanoi","twitter_card":"summary_large_image","twitter_misc":{"\u0110\u01b0\u1ee3c vi\u1ebft b\u1edfi":"tts_hanoi","\u01af\u1edbc t\u00ednh th\u1eddi gian \u0111\u1ecdc":"3 ph\u00fat"},"schema":{"@context":"https:\/\/schema.org","@graph":[{"@type":"WebPage","@id":"https:\/\/indochinapost.com\/fr\/israel-exclut-la-france-des-negociations-avec-le-liban-les-relations-bilaterales-se-degradent\/","url":"https:\/\/indochinapost.com\/fr\/israel-exclut-la-france-des-negociations-avec-le-liban-les-relations-bilaterales-se-degradent\/","name":"Isra\u00ebl exclut la France des n\u00e9gociations avec le Liban","isPartOf":{"@id":"https:\/\/indochinapost.com\/fr\/#website"},"primaryImageOfPage":{"@id":"https:\/\/indochinapost.com\/fr\/israel-exclut-la-france-des-negociations-avec-le-liban-les-relations-bilaterales-se-degradent\/#primaryimage"},"image":{"@id":"https:\/\/indochinapost.com\/fr\/israel-exclut-la-france-des-negociations-avec-le-liban-les-relations-bilaterales-se-degradent\/#primaryimage"},"thumbnailUrl":"https:\/\/indochinapost.com\/fr\/wp-content\/uploads\/2026\/04\/1604-Israel.jpeg","datePublished":"2026-04-16T06:57:04+00:00","author":{"@id":"https:\/\/indochinapost.com\/fr\/#\/schema\/person\/10513f60cf1a782735c0300c17f624ce"},"description":"Isra\u00ebl exclut la France des n\u00e9gociations avec le Liban, les relations bilat\u00e9rales se d\u00e9gradent","breadcrumb":{"@id":"https:\/\/indochinapost.com\/fr\/israel-exclut-la-france-des-negociations-avec-le-liban-les-relations-bilaterales-se-degradent\/#breadcrumb"},"inLanguage":"vi","potentialAction":[{"@type":"ReadAction","target":["https:\/\/indochinapost.com\/fr\/israel-exclut-la-france-des-negociations-avec-le-liban-les-relations-bilaterales-se-degradent\/"]}]},{"@type":"ImageObject","inLanguage":"vi","@id":"https:\/\/indochinapost.com\/fr\/israel-exclut-la-france-des-negociations-avec-le-liban-les-relations-bilaterales-se-degradent\/#primaryimage","url":"https:\/\/indochinapost.com\/fr\/wp-content\/uploads\/2026\/04\/1604-Israel.jpeg","contentUrl":"https:\/\/indochinapost.com\/fr\/wp-content\/uploads\/2026\/04\/1604-Israel.jpeg","width":640,"height":400,"caption":"Isra\u00ebl exclut la France des n\u00e9gociations avec le Liban, les relations bilat\u00e9rales se d\u00e9gradent"},{"@type":"BreadcrumbList","@id":"https:\/\/indochinapost.com\/fr\/israel-exclut-la-france-des-negociations-avec-le-liban-les-relations-bilaterales-se-degradent\/#breadcrumb","itemListElement":[{"@type":"ListItem","position":1,"name":"Trang ch\u1ee7","item":"https:\/\/indochinapost.com\/fr\/"},{"@type":"ListItem","position":2,"name":"Isra\u00ebl exclut la France des n\u00e9gociations avec le Liban, les relations bilat\u00e9rales se d\u00e9gradent"}]},{"@type":"WebSite","@id":"https:\/\/indochinapost.com\/fr\/#website","url":"https:\/\/indochinapost.com\/fr\/","name":"INDOCHINAPOST FRANCE","description":"","potentialAction":[{"@type":"SearchAction","target":{"@type":"EntryPoint","urlTemplate":"https:\/\/indochinapost.com\/fr\/?s={search_term_string}"},"query-input":{"@type":"PropertyValueSpecification","valueRequired":true,"valueName":"search_term_string"}}],"inLanguage":"vi"},{"@type":"Person","@id":"https:\/\/indochinapost.com\/fr\/#\/schema\/person\/10513f60cf1a782735c0300c17f624ce","name":"tts_hanoi","image":{"@type":"ImageObject","inLanguage":"vi","@id":"https:\/\/indochinapost.com\/fr\/#\/schema\/person\/image\/","url":"https:\/\/secure.gravatar.com\/avatar\/2289d79150e1e22d803f7e00e527a5a4d10cebbe749892e954f3747fe6f8415f?s=96&d=mm&r=g","contentUrl":"https:\/\/secure.gravatar.com\/avatar\/2289d79150e1e22d803f7e00e527a5a4d10cebbe749892e954f3747fe6f8415f?s=96&d=mm&r=g","caption":"tts_hanoi"},"url":"https:\/\/indochinapost.com\/fr\/author\/tts_hanoi\/"}]}},"_links":{"self":[{"href":"https:\/\/indochinapost.com\/fr\/wp-json\/wp\/v2\/posts\/756","targetHints":{"allow":["GET"]}}],"collection":[{"href":"https:\/\/indochinapost.com\/fr\/wp-json\/wp\/v2\/posts"}],"about":[{"href":"https:\/\/indochinapost.com\/fr\/wp-json\/wp\/v2\/types\/post"}],"author":[{"embeddable":true,"href":"https:\/\/indochinapost.com\/fr\/wp-json\/wp\/v2\/users\/3"}],"replies":[{"embeddable":true,"href":"https:\/\/indochinapost.com\/fr\/wp-json\/wp\/v2\/comments?post=756"}],"version-history":[{"count":1,"href":"https:\/\/indochinapost.com\/fr\/wp-json\/wp\/v2\/posts\/756\/revisions"}],"predecessor-version":[{"id":758,"href":"https:\/\/indochinapost.com\/fr\/wp-json\/wp\/v2\/posts\/756\/revisions\/758"}],"wp:attachment":[{"href":"https:\/\/indochinapost.com\/fr\/wp-json\/wp\/v2\/media?parent=756"}],"wp:term":[{"taxonomy":"category","embeddable":true,"href":"https:\/\/indochinapost.com\/fr\/wp-json\/wp\/v2\/categories?post=756"},{"taxonomy":"post_tag","embeddable":true,"href":"https:\/\/indochinapost.com\/fr\/wp-json\/wp\/v2\/tags?post=756"}],"curies":[{"name":"wp","href":"https:\/\/api.w.org\/{rel}","templated":true}]}}