{"id":750,"date":"2026-04-15T06:57:42","date_gmt":"2026-04-15T06:57:42","guid":{"rendered":"https:\/\/indochinapost.com\/fr\/?p=750"},"modified":"2026-04-15T06:57:42","modified_gmt":"2026-04-15T06:57:42","slug":"le-gouvernement-francais-recule-suspension-du-projet-de-loi-autorisant-le-travail-le-1er-mai","status":"publish","type":"post","link":"https:\/\/indochinapost.com\/fr\/le-gouvernement-francais-recule-suspension-du-projet-de-loi-autorisant-le-travail-le-1er-mai\/","title":{"rendered":"Le gouvernement fran\u00e7ais recule : suspension du projet de loi autorisant le travail le 1er mai"},"content":{"rendered":"\n\n<div class=\"kk-star-ratings kksr-auto kksr-align-left kksr-valign-top\"\n    data-payload='{&quot;align&quot;:&quot;left&quot;,&quot;id&quot;:&quot;750&quot;,&quot;slug&quot;:&quot;default&quot;,&quot;valign&quot;:&quot;top&quot;,&quot;ignore&quot;:&quot;&quot;,&quot;reference&quot;:&quot;auto&quot;,&quot;class&quot;:&quot;&quot;,&quot;count&quot;:&quot;0&quot;,&quot;legendonly&quot;:&quot;&quot;,&quot;readonly&quot;:&quot;&quot;,&quot;score&quot;:&quot;0&quot;,&quot;starsonly&quot;:&quot;&quot;,&quot;best&quot;:&quot;5&quot;,&quot;gap&quot;:&quot;5&quot;,&quot;greet&quot;:&quot;Rate this post&quot;,&quot;legend&quot;:&quot;0\\\/5 - (0 b\u00ecnh ch\u1ecdn)&quot;,&quot;size&quot;:&quot;24&quot;,&quot;title&quot;:&quot;Le gouvernement fran\u00e7ais recule : suspension du projet de loi autorisant le travail le 1er mai&quot;,&quot;width&quot;:&quot;0&quot;,&quot;_legend&quot;:&quot;{score}\\\/{best} - ({count} {votes})&quot;,&quot;font_factor&quot;:&quot;1.25&quot;}'>\n            \n<div class=\"kksr-stars\">\n    \n<div class=\"kksr-stars-inactive\">\n            <div class=\"kksr-star\" data-star=\"1\" style=\"padding-right: 5px\">\n            \n\n<div class=\"kksr-icon\" style=\"width: 24px; height: 24px;\"><\/div>\n        <\/div>\n            <div class=\"kksr-star\" data-star=\"2\" style=\"padding-right: 5px\">\n            \n\n<div class=\"kksr-icon\" style=\"width: 24px; height: 24px;\"><\/div>\n        <\/div>\n            <div class=\"kksr-star\" data-star=\"3\" style=\"padding-right: 5px\">\n            \n\n<div class=\"kksr-icon\" style=\"width: 24px; height: 24px;\"><\/div>\n        <\/div>\n            <div class=\"kksr-star\" data-star=\"4\" style=\"padding-right: 5px\">\n            \n\n<div class=\"kksr-icon\" style=\"width: 24px; height: 24px;\"><\/div>\n        <\/div>\n            <div class=\"kksr-star\" data-star=\"5\" style=\"padding-right: 5px\">\n            \n\n<div class=\"kksr-icon\" style=\"width: 24px; height: 24px;\"><\/div>\n        <\/div>\n    <\/div>\n    \n<div class=\"kksr-stars-active\" style=\"width: 0px;\">\n            <div class=\"kksr-star\" style=\"padding-right: 5px\">\n            \n\n<div class=\"kksr-icon\" style=\"width: 24px; height: 24px;\"><\/div>\n        <\/div>\n            <div class=\"kksr-star\" style=\"padding-right: 5px\">\n            \n\n<div class=\"kksr-icon\" style=\"width: 24px; height: 24px;\"><\/div>\n        <\/div>\n            <div class=\"kksr-star\" style=\"padding-right: 5px\">\n            \n\n<div class=\"kksr-icon\" style=\"width: 24px; height: 24px;\"><\/div>\n        <\/div>\n            <div class=\"kksr-star\" style=\"padding-right: 5px\">\n            \n\n<div class=\"kksr-icon\" style=\"width: 24px; height: 24px;\"><\/div>\n        <\/div>\n            <div class=\"kksr-star\" style=\"padding-right: 5px\">\n            \n\n<div class=\"kksr-icon\" style=\"width: 24px; height: 24px;\"><\/div>\n        <\/div>\n    <\/div>\n<\/div>\n                \n\n<div class=\"kksr-legend\" style=\"font-size: 19.2px;\">\n            <span class=\"kksr-muted\">Rate this post<\/span>\n    <\/div>\n    <\/div>\n<h1>Le gouvernement fran\u00e7ais recule : suspension du projet de loi autorisant le travail le 1er mai<\/h1>\n<p>Le gouvernement fran\u00e7ais a d\u00e9cid\u00e9 de suspendre l\u2019examen d\u2019un projet de loi controvers\u00e9 visant \u00e0 autoriser certaines activit\u00e9s professionnelles le jour de la F\u00eate du Travail (1er mai), apr\u00e8s de vives r\u00e9actions des syndicats et des partis politiques.<\/p>\n<figure id=\"attachment_751\" aria-describedby=\"caption-attachment-751\" style=\"width: 991px\" class=\"wp-caption alignleft\"><img loading=\"lazy\" decoding=\"async\" class=\" wp-image-751\" src=\"https:\/\/indochinapost.com\/fr\/wp-content\/uploads\/2026\/04\/francetoday.com-wp-content-uploads-2025-02-_shutterstock_1307834773-670x448-1.jpg\" alt=\"Le gouvernement fran\u00e7ais recule : suspension du projet de loi autorisant le travail le 1er mai\" width=\"991\" height=\"663\" srcset=\"https:\/\/indochinapost.com\/fr\/wp-content\/uploads\/2026\/04\/francetoday.com-wp-content-uploads-2025-02-_shutterstock_1307834773-670x448-1.jpg 670w, https:\/\/indochinapost.com\/fr\/wp-content\/uploads\/2026\/04\/francetoday.com-wp-content-uploads-2025-02-_shutterstock_1307834773-670x448-1-300x201.jpg 300w\" sizes=\"auto, (max-width: 991px) 100vw, 991px\" \/><figcaption id=\"caption-attachment-751\" class=\"wp-caption-text\">Le gouvernement fran\u00e7ais recule : suspension du projet de loi autorisant le travail le 1er mai<\/figcaption><\/figure>\n<h2 data-start=\"492\" data-end=\"539\">Un projet de loi suspendu avant son adoption<\/h2>\n<p data-start=\"541\" data-end=\"809\">Initialement, le texte devait \u00eatre adopt\u00e9 en proc\u00e9dure acc\u00e9l\u00e9r\u00e9e via la convocation d\u2019une commission mixte paritaire entre l\u2019Assembl\u00e9e nationale et le S\u00e9nat. Toutefois, le gouvernement a renonc\u00e9 \u00e0 cette \u00e9tape, ce qui emp\u00eache l\u2019adoption du projet avant le 1er mai 2026.<\/p>\n<p data-start=\"811\" data-end=\"906\">Cette d\u00e9cision t\u00e9moigne d\u2019une prudence accrue face aux enjeux li\u00e9s aux droits des travailleurs.<\/p>\n<h2 data-start=\"908\" data-end=\"954\">Le 1er mai en France : un jour f\u00e9ri\u00e9 unique<\/h2>\n<p data-start=\"956\" data-end=\"1079\">\u00c0 l\u2019issue d\u2019une r\u00e9union avec les repr\u00e9sentants syndicaux \u00e0 Paris, le ministre du Travail, Jean-Pierre Farandou, a d\u00e9clar\u00e9 :<\/p>\n<p data-start=\"1182\" data-end=\"1306\">Il a \u00e9galement soulign\u00e9 que ce principe devait \u00eatre maintenu, tout en laissant ouverte la possibilit\u00e9 d\u2019exceptions limit\u00e9es.<\/p>\n<h2 data-start=\"1308\" data-end=\"1348\">Un contenu qui suscite la controverse<\/h2>\n<p data-start=\"1350\" data-end=\"1432\">Le projet de loi pr\u00e9voyait d\u2019autoriser certaines activit\u00e9s le 1er mai, notamment :<\/p>\n<ul data-start=\"1434\" data-end=\"1542\">\n<li data-start=\"1434\" data-end=\"1454\">Les boulangeries<\/li>\n<li data-start=\"1455\" data-end=\"1473\">Les fleuristes<\/li>\n<li data-start=\"1474\" data-end=\"1509\">Les commerces de produits frais<\/li>\n<li data-start=\"1510\" data-end=\"1525\">Les cin\u00e9mas<\/li>\n<li data-start=\"1526\" data-end=\"1542\">Les th\u00e9\u00e2tres<\/li>\n<\/ul>\n<p data-start=\"1544\" data-end=\"1757\">L\u2019objectif \u00e9tait de soutenir l\u2019activit\u00e9 \u00e9conomique pendant ce jour f\u00e9ri\u00e9, notamment pour les petits commer\u00e7ants. Toutefois, ses d\u00e9tracteurs estiment qu\u2019il pourrait fragiliser un droit fondamental des travailleurs.<\/p>\n<figure id=\"attachment_752\" aria-describedby=\"caption-attachment-752\" style=\"width: 970px\" class=\"wp-caption alignleft\"><img loading=\"lazy\" decoding=\"async\" class=\" wp-image-752\" src=\"https:\/\/indochinapost.com\/fr\/wp-content\/uploads\/2026\/04\/69dd2cd049eeb115854964.jpg\" alt=\"Le gouvernement fran\u00e7ais recule : suspension du projet de loi autorisant le travail le 1er mai\" width=\"970\" height=\"545\" srcset=\"https:\/\/indochinapost.com\/fr\/wp-content\/uploads\/2026\/04\/69dd2cd049eeb115854964.jpg 908w, https:\/\/indochinapost.com\/fr\/wp-content\/uploads\/2026\/04\/69dd2cd049eeb115854964-300x169.jpg 300w, https:\/\/indochinapost.com\/fr\/wp-content\/uploads\/2026\/04\/69dd2cd049eeb115854964-768x431.jpg 768w\" sizes=\"auto, (max-width: 970px) 100vw, 970px\" \/><figcaption id=\"caption-attachment-752\" class=\"wp-caption-text\">Le gouvernement fran\u00e7ais recule : suspension du projet de loi autorisant le travail le 1er mai<\/figcaption><\/figure>\n<h2 data-start=\"1759\" data-end=\"1812\">Une opposition forte des syndicats et de la gauche<\/h2>\n<p data-start=\"1814\" data-end=\"2035\">Les syndicats ainsi que les partis de gauche, en particulier <strong data-start=\"1875\" data-end=\"1904\">La France insoumise (LFI)<\/strong>, se sont fermement oppos\u00e9s \u00e0 cette r\u00e9forme. Ils consid\u00e8rent le 1er mai comme un jour \u00ab inviolable \u00bb qui ne doit pas \u00eatre banalis\u00e9.<\/p>\n<p data-start=\"2037\" data-end=\"2214\">Le LFI a \u00e9galement averti que, m\u00eame si le projet est suspendu en 2026, il pourrait \u00eatre r\u00e9introduit \u00e0 l\u2019avenir, appelant ainsi \u00e0 maintenir la vigilance et la pression politique.<\/p>\n<h2 data-start=\"2216\" data-end=\"2262\">Un changement d\u2019orientation du gouvernement<\/h2>\n<p data-start=\"2264\" data-end=\"2368\">Le Premier ministre S\u00e9bastien Lecornu a indiqu\u00e9 que le gouvernement allait d\u00e9sormais se concentrer sur :<\/p>\n<ul data-start=\"2370\" data-end=\"2555\">\n<li data-start=\"2370\" data-end=\"2438\">Des mesures de soutien \u00e0 court terme pour les petits commer\u00e7ants<\/li>\n<li data-start=\"2439\" data-end=\"2470\">Des solutions \u00e0 moyen terme<\/li>\n<li data-start=\"2471\" data-end=\"2555\">Un \u00e9quilibre entre activit\u00e9 \u00e9conomique et protection des droits des travailleurs<\/li>\n<\/ul>\n<p data-start=\"2572\" data-end=\"2768\">La suspension de ce projet de loi illustre l\u2019influence importante des syndicats et des forces politiques d\u2019opposition en France, ainsi que la sensibilit\u00e9 des questions li\u00e9es aux droits du travail.<\/p>\n<p data-start=\"2770\" data-end=\"2841\">Ce sujet devrait continuer \u00e0 susciter des d\u00e9bats dans les mois \u00e0 venir.<\/p>\n","protected":false},"excerpt":{"rendered":"<p>Le gouvernement fran\u00e7ais recule : suspension du projet de loi autorisant le travail le 1er mai Le gouvernement fran\u00e7ais a d\u00e9cid\u00e9 de suspendre l\u2019examen d\u2019un projet de loi controvers\u00e9 visant \u00e0 autoriser certaines activit\u00e9s professionnelles le jour de la F\u00eate du Travail (1er mai), apr\u00e8s de vives r\u00e9actions des syndicats et des partis politiques. Un [&#8230;]\n","protected":false},"author":3,"featured_media":751,"comment_status":"open","ping_status":"open","sticky":false,"template":"","format":"standard","meta":{"footnotes":""},"categories":[1],"tags":[],"class_list":["post-750","post","type-post","status-publish","format-standard","has-post-thumbnail","hentry","category-chua-phan-loai"],"acf":[],"yoast_head":"<!-- This site is optimized with the Yoast SEO Premium plugin v20.13 (Yoast SEO v24.9) - https:\/\/yoast.com\/wordpress\/plugins\/seo\/ -->\n<title>Le gouvernement fran\u00e7ais recule : suspension du projet de loi autorisant le travail le 1er mai<\/title>\n<meta name=\"description\" content=\"Le gouvernement fran\u00e7ais a d\u00e9cid\u00e9 de suspendre l\u2019examen d\u2019un projet de loi controvers\u00e9 visant \u00e0 autoriser certaines activit\u00e9s...\" \/>\n<meta name=\"robots\" content=\"index, follow, max-snippet:-1, max-image-preview:large, max-video-preview:-1\" \/>\n<link rel=\"canonical\" href=\"https:\/\/indochinapost.com\/fr\/le-gouvernement-francais-recule-suspension-du-projet-de-loi-autorisant-le-travail-le-1er-mai\/\" \/>\n<meta property=\"og:locale\" content=\"vi_VN\" \/>\n<meta property=\"og:type\" content=\"article\" \/>\n<meta property=\"og:title\" content=\"Le gouvernement fran\u00e7ais recule : suspension du projet de loi autorisant le travail le 1er mai\" \/>\n<meta property=\"og:description\" content=\"Le gouvernement fran\u00e7ais a d\u00e9cid\u00e9 de suspendre l\u2019examen d\u2019un projet de loi controvers\u00e9 visant \u00e0 autoriser certaines activit\u00e9s...\" \/>\n<meta property=\"og:url\" content=\"https:\/\/indochinapost.com\/fr\/le-gouvernement-francais-recule-suspension-du-projet-de-loi-autorisant-le-travail-le-1er-mai\/\" \/>\n<meta property=\"og:site_name\" content=\"INDOCHINAPOST FRANCE\" \/>\n<meta property=\"article:published_time\" content=\"2026-04-15T06:57:42+00:00\" \/>\n<meta property=\"og:image\" content=\"https:\/\/indochinapost.com\/fr\/wp-content\/uploads\/2026\/04\/francetoday.com-wp-content-uploads-2025-02-_shutterstock_1307834773-670x448-1.jpg\" \/>\n\t<meta property=\"og:image:width\" content=\"670\" \/>\n\t<meta property=\"og:image:height\" content=\"448\" \/>\n\t<meta property=\"og:image:type\" content=\"image\/jpeg\" \/>\n<meta name=\"author\" content=\"tts_hanoi\" \/>\n<meta name=\"twitter:card\" content=\"summary_large_image\" \/>\n<meta name=\"twitter:label1\" content=\"\u0110\u01b0\u1ee3c vi\u1ebft b\u1edfi\" \/>\n\t<meta name=\"twitter:data1\" content=\"tts_hanoi\" \/>\n\t<meta name=\"twitter:label2\" content=\"\u01af\u1edbc t\u00ednh th\u1eddi gian \u0111\u1ecdc\" \/>\n\t<meta name=\"twitter:data2\" content=\"3 ph\u00fat\" \/>\n<script type=\"application\/ld+json\" class=\"yoast-schema-graph\">{\"@context\":\"https:\/\/schema.org\",\"@graph\":[{\"@type\":\"WebPage\",\"@id\":\"https:\/\/indochinapost.com\/fr\/le-gouvernement-francais-recule-suspension-du-projet-de-loi-autorisant-le-travail-le-1er-mai\/\",\"url\":\"https:\/\/indochinapost.com\/fr\/le-gouvernement-francais-recule-suspension-du-projet-de-loi-autorisant-le-travail-le-1er-mai\/\",\"name\":\"Le gouvernement fran\u00e7ais recule : suspension du projet de loi autorisant le travail le 1er mai\",\"isPartOf\":{\"@id\":\"https:\/\/indochinapost.com\/fr\/#website\"},\"primaryImageOfPage\":{\"@id\":\"https:\/\/indochinapost.com\/fr\/le-gouvernement-francais-recule-suspension-du-projet-de-loi-autorisant-le-travail-le-1er-mai\/#primaryimage\"},\"image\":{\"@id\":\"https:\/\/indochinapost.com\/fr\/le-gouvernement-francais-recule-suspension-du-projet-de-loi-autorisant-le-travail-le-1er-mai\/#primaryimage\"},\"thumbnailUrl\":\"https:\/\/indochinapost.com\/fr\/wp-content\/uploads\/2026\/04\/francetoday.com-wp-content-uploads-2025-02-_shutterstock_1307834773-670x448-1.jpg\",\"datePublished\":\"2026-04-15T06:57:42+00:00\",\"author\":{\"@id\":\"https:\/\/indochinapost.com\/fr\/#\/schema\/person\/10513f60cf1a782735c0300c17f624ce\"},\"description\":\"Le gouvernement fran\u00e7ais a d\u00e9cid\u00e9 de suspendre l\u2019examen d\u2019un projet de loi controvers\u00e9 visant \u00e0 autoriser certaines activit\u00e9s...\",\"breadcrumb\":{\"@id\":\"https:\/\/indochinapost.com\/fr\/le-gouvernement-francais-recule-suspension-du-projet-de-loi-autorisant-le-travail-le-1er-mai\/#breadcrumb\"},\"inLanguage\":\"vi\",\"potentialAction\":[{\"@type\":\"ReadAction\",\"target\":[\"https:\/\/indochinapost.com\/fr\/le-gouvernement-francais-recule-suspension-du-projet-de-loi-autorisant-le-travail-le-1er-mai\/\"]}]},{\"@type\":\"ImageObject\",\"inLanguage\":\"vi\",\"@id\":\"https:\/\/indochinapost.com\/fr\/le-gouvernement-francais-recule-suspension-du-projet-de-loi-autorisant-le-travail-le-1er-mai\/#primaryimage\",\"url\":\"https:\/\/indochinapost.com\/fr\/wp-content\/uploads\/2026\/04\/francetoday.com-wp-content-uploads-2025-02-_shutterstock_1307834773-670x448-1.jpg\",\"contentUrl\":\"https:\/\/indochinapost.com\/fr\/wp-content\/uploads\/2026\/04\/francetoday.com-wp-content-uploads-2025-02-_shutterstock_1307834773-670x448-1.jpg\",\"width\":670,\"height\":448,\"caption\":\"Le gouvernement fran\u00e7ais recule : suspension du projet de loi autorisant le travail le 1er mai\"},{\"@type\":\"BreadcrumbList\",\"@id\":\"https:\/\/indochinapost.com\/fr\/le-gouvernement-francais-recule-suspension-du-projet-de-loi-autorisant-le-travail-le-1er-mai\/#breadcrumb\",\"itemListElement\":[{\"@type\":\"ListItem\",\"position\":1,\"name\":\"Trang ch\u1ee7\",\"item\":\"https:\/\/indochinapost.com\/fr\/\"},{\"@type\":\"ListItem\",\"position\":2,\"name\":\"Le gouvernement fran\u00e7ais recule : suspension du projet de loi autorisant le travail le 1er mai\"}]},{\"@type\":\"WebSite\",\"@id\":\"https:\/\/indochinapost.com\/fr\/#website\",\"url\":\"https:\/\/indochinapost.com\/fr\/\",\"name\":\"INDOCHINAPOST FRANCE\",\"description\":\"\",\"potentialAction\":[{\"@type\":\"SearchAction\",\"target\":{\"@type\":\"EntryPoint\",\"urlTemplate\":\"https:\/\/indochinapost.com\/fr\/?s={search_term_string}\"},\"query-input\":{\"@type\":\"PropertyValueSpecification\",\"valueRequired\":true,\"valueName\":\"search_term_string\"}}],\"inLanguage\":\"vi\"},{\"@type\":\"Person\",\"@id\":\"https:\/\/indochinapost.com\/fr\/#\/schema\/person\/10513f60cf1a782735c0300c17f624ce\",\"name\":\"tts_hanoi\",\"image\":{\"@type\":\"ImageObject\",\"inLanguage\":\"vi\",\"@id\":\"https:\/\/indochinapost.com\/fr\/#\/schema\/person\/image\/\",\"url\":\"https:\/\/secure.gravatar.com\/avatar\/2289d79150e1e22d803f7e00e527a5a4d10cebbe749892e954f3747fe6f8415f?s=96&d=mm&r=g\",\"contentUrl\":\"https:\/\/secure.gravatar.com\/avatar\/2289d79150e1e22d803f7e00e527a5a4d10cebbe749892e954f3747fe6f8415f?s=96&d=mm&r=g\",\"caption\":\"tts_hanoi\"},\"url\":\"https:\/\/indochinapost.com\/fr\/author\/tts_hanoi\/\"}]}<\/script>\n<!-- \/ Yoast SEO Premium plugin. -->","yoast_head_json":{"title":"Le gouvernement fran\u00e7ais recule : suspension du projet de loi autorisant le travail le 1er mai","description":"Le gouvernement fran\u00e7ais a d\u00e9cid\u00e9 de suspendre l\u2019examen d\u2019un projet de loi controvers\u00e9 visant \u00e0 autoriser certaines activit\u00e9s...","robots":{"index":"index","follow":"follow","max-snippet":"max-snippet:-1","max-image-preview":"max-image-preview:large","max-video-preview":"max-video-preview:-1"},"canonical":"https:\/\/indochinapost.com\/fr\/le-gouvernement-francais-recule-suspension-du-projet-de-loi-autorisant-le-travail-le-1er-mai\/","og_locale":"vi_VN","og_type":"article","og_title":"Le gouvernement fran\u00e7ais recule : suspension du projet de loi autorisant le travail le 1er mai","og_description":"Le gouvernement fran\u00e7ais a d\u00e9cid\u00e9 de suspendre l\u2019examen d\u2019un projet de loi controvers\u00e9 visant \u00e0 autoriser certaines activit\u00e9s...","og_url":"https:\/\/indochinapost.com\/fr\/le-gouvernement-francais-recule-suspension-du-projet-de-loi-autorisant-le-travail-le-1er-mai\/","og_site_name":"INDOCHINAPOST FRANCE","article_published_time":"2026-04-15T06:57:42+00:00","og_image":[{"width":670,"height":448,"url":"https:\/\/indochinapost.com\/fr\/wp-content\/uploads\/2026\/04\/francetoday.com-wp-content-uploads-2025-02-_shutterstock_1307834773-670x448-1.jpg","type":"image\/jpeg"}],"author":"tts_hanoi","twitter_card":"summary_large_image","twitter_misc":{"\u0110\u01b0\u1ee3c vi\u1ebft b\u1edfi":"tts_hanoi","\u01af\u1edbc t\u00ednh th\u1eddi gian \u0111\u1ecdc":"3 ph\u00fat"},"schema":{"@context":"https:\/\/schema.org","@graph":[{"@type":"WebPage","@id":"https:\/\/indochinapost.com\/fr\/le-gouvernement-francais-recule-suspension-du-projet-de-loi-autorisant-le-travail-le-1er-mai\/","url":"https:\/\/indochinapost.com\/fr\/le-gouvernement-francais-recule-suspension-du-projet-de-loi-autorisant-le-travail-le-1er-mai\/","name":"Le gouvernement fran\u00e7ais recule : suspension du projet de loi autorisant le travail le 1er mai","isPartOf":{"@id":"https:\/\/indochinapost.com\/fr\/#website"},"primaryImageOfPage":{"@id":"https:\/\/indochinapost.com\/fr\/le-gouvernement-francais-recule-suspension-du-projet-de-loi-autorisant-le-travail-le-1er-mai\/#primaryimage"},"image":{"@id":"https:\/\/indochinapost.com\/fr\/le-gouvernement-francais-recule-suspension-du-projet-de-loi-autorisant-le-travail-le-1er-mai\/#primaryimage"},"thumbnailUrl":"https:\/\/indochinapost.com\/fr\/wp-content\/uploads\/2026\/04\/francetoday.com-wp-content-uploads-2025-02-_shutterstock_1307834773-670x448-1.jpg","datePublished":"2026-04-15T06:57:42+00:00","author":{"@id":"https:\/\/indochinapost.com\/fr\/#\/schema\/person\/10513f60cf1a782735c0300c17f624ce"},"description":"Le gouvernement fran\u00e7ais a d\u00e9cid\u00e9 de suspendre l\u2019examen d\u2019un projet de loi controvers\u00e9 visant \u00e0 autoriser certaines activit\u00e9s...","breadcrumb":{"@id":"https:\/\/indochinapost.com\/fr\/le-gouvernement-francais-recule-suspension-du-projet-de-loi-autorisant-le-travail-le-1er-mai\/#breadcrumb"},"inLanguage":"vi","potentialAction":[{"@type":"ReadAction","target":["https:\/\/indochinapost.com\/fr\/le-gouvernement-francais-recule-suspension-du-projet-de-loi-autorisant-le-travail-le-1er-mai\/"]}]},{"@type":"ImageObject","inLanguage":"vi","@id":"https:\/\/indochinapost.com\/fr\/le-gouvernement-francais-recule-suspension-du-projet-de-loi-autorisant-le-travail-le-1er-mai\/#primaryimage","url":"https:\/\/indochinapost.com\/fr\/wp-content\/uploads\/2026\/04\/francetoday.com-wp-content-uploads-2025-02-_shutterstock_1307834773-670x448-1.jpg","contentUrl":"https:\/\/indochinapost.com\/fr\/wp-content\/uploads\/2026\/04\/francetoday.com-wp-content-uploads-2025-02-_shutterstock_1307834773-670x448-1.jpg","width":670,"height":448,"caption":"Le gouvernement fran\u00e7ais recule : suspension du projet de loi autorisant le travail le 1er mai"},{"@type":"BreadcrumbList","@id":"https:\/\/indochinapost.com\/fr\/le-gouvernement-francais-recule-suspension-du-projet-de-loi-autorisant-le-travail-le-1er-mai\/#breadcrumb","itemListElement":[{"@type":"ListItem","position":1,"name":"Trang ch\u1ee7","item":"https:\/\/indochinapost.com\/fr\/"},{"@type":"ListItem","position":2,"name":"Le gouvernement fran\u00e7ais recule : suspension du projet de loi autorisant le travail le 1er mai"}]},{"@type":"WebSite","@id":"https:\/\/indochinapost.com\/fr\/#website","url":"https:\/\/indochinapost.com\/fr\/","name":"INDOCHINAPOST FRANCE","description":"","potentialAction":[{"@type":"SearchAction","target":{"@type":"EntryPoint","urlTemplate":"https:\/\/indochinapost.com\/fr\/?s={search_term_string}"},"query-input":{"@type":"PropertyValueSpecification","valueRequired":true,"valueName":"search_term_string"}}],"inLanguage":"vi"},{"@type":"Person","@id":"https:\/\/indochinapost.com\/fr\/#\/schema\/person\/10513f60cf1a782735c0300c17f624ce","name":"tts_hanoi","image":{"@type":"ImageObject","inLanguage":"vi","@id":"https:\/\/indochinapost.com\/fr\/#\/schema\/person\/image\/","url":"https:\/\/secure.gravatar.com\/avatar\/2289d79150e1e22d803f7e00e527a5a4d10cebbe749892e954f3747fe6f8415f?s=96&d=mm&r=g","contentUrl":"https:\/\/secure.gravatar.com\/avatar\/2289d79150e1e22d803f7e00e527a5a4d10cebbe749892e954f3747fe6f8415f?s=96&d=mm&r=g","caption":"tts_hanoi"},"url":"https:\/\/indochinapost.com\/fr\/author\/tts_hanoi\/"}]}},"_links":{"self":[{"href":"https:\/\/indochinapost.com\/fr\/wp-json\/wp\/v2\/posts\/750","targetHints":{"allow":["GET"]}}],"collection":[{"href":"https:\/\/indochinapost.com\/fr\/wp-json\/wp\/v2\/posts"}],"about":[{"href":"https:\/\/indochinapost.com\/fr\/wp-json\/wp\/v2\/types\/post"}],"author":[{"embeddable":true,"href":"https:\/\/indochinapost.com\/fr\/wp-json\/wp\/v2\/users\/3"}],"replies":[{"embeddable":true,"href":"https:\/\/indochinapost.com\/fr\/wp-json\/wp\/v2\/comments?post=750"}],"version-history":[{"count":1,"href":"https:\/\/indochinapost.com\/fr\/wp-json\/wp\/v2\/posts\/750\/revisions"}],"predecessor-version":[{"id":753,"href":"https:\/\/indochinapost.com\/fr\/wp-json\/wp\/v2\/posts\/750\/revisions\/753"}],"wp:featuredmedia":[{"embeddable":true,"href":"https:\/\/indochinapost.com\/fr\/wp-json\/wp\/v2\/media\/751"}],"wp:attachment":[{"href":"https:\/\/indochinapost.com\/fr\/wp-json\/wp\/v2\/media?parent=750"}],"wp:term":[{"taxonomy":"category","embeddable":true,"href":"https:\/\/indochinapost.com\/fr\/wp-json\/wp\/v2\/categories?post=750"},{"taxonomy":"post_tag","embeddable":true,"href":"https:\/\/indochinapost.com\/fr\/wp-json\/wp\/v2\/tags?post=750"}],"curies":[{"name":"wp","href":"https:\/\/api.w.org\/{rel}","templated":true}]}}