{"id":723,"date":"2026-04-11T02:26:16","date_gmt":"2026-04-11T02:26:16","guid":{"rendered":"https:\/\/indochinapost.com\/fr\/?p=723"},"modified":"2026-04-11T02:26:16","modified_gmt":"2026-04-11T02:26:16","slug":"laffaire-martin-guerre-et-la-naissance-du-droit-de-lidentite","status":"publish","type":"post","link":"https:\/\/indochinapost.com\/fr\/laffaire-martin-guerre-et-la-naissance-du-droit-de-lidentite\/","title":{"rendered":"L\u2019affaire Martin Guerre et la naissance du droit de l\u2019identit\u00e9"},"content":{"rendered":"\n\n<div class=\"kk-star-ratings kksr-auto kksr-align-left kksr-valign-top\"\n    data-payload='{&quot;align&quot;:&quot;left&quot;,&quot;id&quot;:&quot;723&quot;,&quot;slug&quot;:&quot;default&quot;,&quot;valign&quot;:&quot;top&quot;,&quot;ignore&quot;:&quot;&quot;,&quot;reference&quot;:&quot;auto&quot;,&quot;class&quot;:&quot;&quot;,&quot;count&quot;:&quot;1&quot;,&quot;legendonly&quot;:&quot;&quot;,&quot;readonly&quot;:&quot;&quot;,&quot;score&quot;:&quot;5&quot;,&quot;starsonly&quot;:&quot;&quot;,&quot;best&quot;:&quot;5&quot;,&quot;gap&quot;:&quot;5&quot;,&quot;greet&quot;:&quot;Rate this post&quot;,&quot;legend&quot;:&quot;5\\\/5 - (1 b\u00ecnh ch\u1ecdn)&quot;,&quot;size&quot;:&quot;24&quot;,&quot;title&quot;:&quot;L\u2019affaire Martin Guerre et la naissance du droit de l\u2019identit\u00e9&quot;,&quot;width&quot;:&quot;142.5&quot;,&quot;_legend&quot;:&quot;{score}\\\/{best} - ({count} {votes})&quot;,&quot;font_factor&quot;:&quot;1.25&quot;}'>\n            \n<div class=\"kksr-stars\">\n    \n<div class=\"kksr-stars-inactive\">\n            <div class=\"kksr-star\" data-star=\"1\" style=\"padding-right: 5px\">\n            \n\n<div class=\"kksr-icon\" style=\"width: 24px; height: 24px;\"><\/div>\n        <\/div>\n            <div class=\"kksr-star\" data-star=\"2\" style=\"padding-right: 5px\">\n            \n\n<div class=\"kksr-icon\" style=\"width: 24px; height: 24px;\"><\/div>\n        <\/div>\n            <div class=\"kksr-star\" data-star=\"3\" style=\"padding-right: 5px\">\n            \n\n<div class=\"kksr-icon\" style=\"width: 24px; height: 24px;\"><\/div>\n        <\/div>\n            <div class=\"kksr-star\" data-star=\"4\" style=\"padding-right: 5px\">\n            \n\n<div class=\"kksr-icon\" style=\"width: 24px; height: 24px;\"><\/div>\n        <\/div>\n            <div class=\"kksr-star\" data-star=\"5\" style=\"padding-right: 5px\">\n            \n\n<div class=\"kksr-icon\" style=\"width: 24px; height: 24px;\"><\/div>\n        <\/div>\n    <\/div>\n    \n<div class=\"kksr-stars-active\" style=\"width: 142.5px;\">\n            <div class=\"kksr-star\" style=\"padding-right: 5px\">\n            \n\n<div class=\"kksr-icon\" style=\"width: 24px; height: 24px;\"><\/div>\n        <\/div>\n            <div class=\"kksr-star\" style=\"padding-right: 5px\">\n            \n\n<div class=\"kksr-icon\" style=\"width: 24px; height: 24px;\"><\/div>\n        <\/div>\n            <div class=\"kksr-star\" style=\"padding-right: 5px\">\n            \n\n<div class=\"kksr-icon\" style=\"width: 24px; height: 24px;\"><\/div>\n        <\/div>\n            <div class=\"kksr-star\" style=\"padding-right: 5px\">\n            \n\n<div class=\"kksr-icon\" style=\"width: 24px; height: 24px;\"><\/div>\n        <\/div>\n            <div class=\"kksr-star\" style=\"padding-right: 5px\">\n            \n\n<div class=\"kksr-icon\" style=\"width: 24px; height: 24px;\"><\/div>\n        <\/div>\n    <\/div>\n<\/div>\n                \n\n<div class=\"kksr-legend\" style=\"font-size: 19.2px;\">\n            5\/5 - (1 b\u00ecnh ch\u1ecdn)    <\/div>\n    <\/div>\n<h1 data-start=\"95\" data-end=\"159\">L\u2019affaire Martin Guerre et la naissance du droit de l\u2019identit\u00e9<\/h1>\n<h2 data-start=\"161\" data-end=\"215\">Une imposture qui a marqu\u00e9 la France du XVIe si\u00e8cle<\/h2>\n<p data-start=\"217\" data-end=\"470\">Au milieu du XVIe si\u00e8cle, dans le village d\u2019Artigat, au sud de la <span class=\"hover:entity-accent entity-underline inline cursor-pointer align-baseline\"><span class=\"whitespace-normal\">France<\/span><\/span>, une histoire \u00e9tonnante a boulevers\u00e9 non seulement une communaut\u00e9 locale, mais aussi les fondements de la r\u00e9flexion juridique sur l\u2019identit\u00e9 humaine.<\/p>\n<p data-start=\"472\" data-end=\"748\">Un homme revient apr\u00e8s plusieurs ann\u00e9es d\u2019absence en se faisant passer pour <span class=\"hover:entity-accent entity-underline inline cursor-pointer align-baseline\"><span class=\"whitespace-normal\">Martin Guerre<\/span><\/span>. Il est accueilli par sa famille, reconnu par sa femme et reprend sa place dans la soci\u00e9t\u00e9. Pourtant, la v\u00e9rit\u00e9 finira par \u00e9clater : il n\u2019\u00e9tait pas Martin Guerre.<\/p>\n<p data-start=\"750\" data-end=\"888\">Cette affaire est aujourd\u2019hui consid\u00e9r\u00e9e comme l\u2019un des premiers cas ayant contribu\u00e9 \u00e0 poser les bases juridiques de la notion d\u2019identit\u00e9.<\/p>\n<figure id=\"attachment_724\" aria-describedby=\"caption-attachment-724\" style=\"width: 975px\" class=\"wp-caption alignleft\"><img loading=\"lazy\" decoding=\"async\" class=\" wp-image-724\" src=\"https:\/\/indochinapost.com\/fr\/wp-content\/uploads\/2026\/04\/Anh-chup-man-hinh-2026-04-11-092327.png\" alt=\"L\u2019affaire Martin Guerre et la naissance du droit de l\u2019identit\u00e9\" width=\"975\" height=\"830\" srcset=\"https:\/\/indochinapost.com\/fr\/wp-content\/uploads\/2026\/04\/Anh-chup-man-hinh-2026-04-11-092327.png 785w, https:\/\/indochinapost.com\/fr\/wp-content\/uploads\/2026\/04\/Anh-chup-man-hinh-2026-04-11-092327-300x255.png 300w, https:\/\/indochinapost.com\/fr\/wp-content\/uploads\/2026\/04\/Anh-chup-man-hinh-2026-04-11-092327-768x654.png 768w\" sizes=\"auto, (max-width: 975px) 100vw, 975px\" \/><figcaption id=\"caption-attachment-724\" class=\"wp-caption-text\">L\u2019affaire Martin Guerre et la naissance du droit de l\u2019identit\u00e9<\/figcaption><\/figure>\n<h2 data-start=\"895\" data-end=\"918\">Un retour myst\u00e9rieux<\/h2>\n<p data-start=\"920\" data-end=\"1117\">En 1548, Martin Guerre quitte son village apr\u00e8s avoir \u00e9t\u00e9 accus\u00e9 de vol au sein de sa propre famille. Dans une soci\u00e9t\u00e9 o\u00f9 l\u2019honneur familial est primordial, ce d\u00e9part est une fuite face \u00e0 la honte.<\/p>\n<p data-start=\"1119\" data-end=\"1181\">En 1556, un homme revient et affirme \u00eatre Martin. Il conna\u00eet :<\/p>\n<ul data-start=\"1182\" data-end=\"1283\">\n<li data-start=\"1182\" data-end=\"1210\">les relations familiales<\/li>\n<li data-start=\"1211\" data-end=\"1239\">les terres et les dettes<\/li>\n<li data-start=\"1240\" data-end=\"1283\">des d\u00e9tails intimes de la vie conjugale<\/li>\n<\/ul>\n<p data-start=\"1285\" data-end=\"1390\">Sa femme, <span class=\"hover:entity-accent entity-underline inline cursor-pointer align-baseline\"><span class=\"whitespace-normal\">Bertrande de Rols<\/span><\/span>, finit par l\u2019accepter apr\u00e8s l\u2019avoir longuement interrog\u00e9.<\/p>\n<p data-start=\"1392\" data-end=\"1464\">\u00c0 cette \u00e9poque, la m\u00e9moire constitue presque la seule preuve d\u2019identit\u00e9.<\/p>\n<h2 data-start=\"1471\" data-end=\"1515\">Une vie normale\u2026 puis les premiers doutes<\/h2>\n<p data-start=\"1517\" data-end=\"1575\">Pendant trois ans, l\u2019homme vit comme le v\u00e9ritable Martin :<\/p>\n<ul data-start=\"1576\" data-end=\"1666\">\n<li data-start=\"1576\" data-end=\"1607\">il g\u00e8re les biens familiaux<\/li>\n<li data-start=\"1608\" data-end=\"1633\">participe aux litiges<\/li>\n<li data-start=\"1634\" data-end=\"1666\">reconstruit sa vie conjugale<\/li>\n<\/ul>\n<p data-start=\"1668\" data-end=\"1698\">Mais des doutes apparaissent :<\/p>\n<ul data-start=\"1699\" data-end=\"1784\">\n<li data-start=\"1699\" data-end=\"1725\">un caract\u00e8re diff\u00e9rent<\/li>\n<li data-start=\"1726\" data-end=\"1753\">une attitude plus pos\u00e9e<\/li>\n<li data-start=\"1754\" data-end=\"1784\">une \u00e9loquence inhabituelle<\/li>\n<\/ul>\n<p data-start=\"1786\" data-end=\"1920\">Ces changements, bien que subtils, \u00e9veillent les soup\u00e7ons dans une communaut\u00e9 soud\u00e9e. En 1559, l\u2019affaire est port\u00e9e devant la justice.<\/p>\n<h2 data-start=\"1927\" data-end=\"1968\">Un proc\u00e8s sans moyens d\u2019identification<\/h2>\n<p data-start=\"1970\" data-end=\"2071\">Le tribunal se retrouve face \u00e0 une difficult\u00e9 majeure : comment identifier une personne sans outils ?<\/p>\n<p data-start=\"2073\" data-end=\"2098\">\u00c0 l\u2019\u00e9poque, il n\u2019existe :<\/p>\n<ul data-start=\"2099\" data-end=\"2198\">\n<li data-start=\"2099\" data-end=\"2118\">ni photographie<\/li>\n<li data-start=\"2119\" data-end=\"2148\">ni signature standardis\u00e9e<\/li>\n<li data-start=\"2149\" data-end=\"2170\">ni registre civil<\/li>\n<li data-start=\"2171\" data-end=\"2198\">ni m\u00e9thode scientifique<\/li>\n<\/ul>\n<p data-start=\"2200\" data-end=\"2237\">Plus de 100 t\u00e9moins sont interrog\u00e9s :<\/p>\n<ul data-start=\"2238\" data-end=\"2298\">\n<li data-start=\"2238\" data-end=\"2271\">certains reconnaissent Martin<\/li>\n<li data-start=\"2272\" data-end=\"2298\">d\u2019autres le contestent<\/li>\n<\/ul>\n<p data-start=\"2300\" data-end=\"2369\">La contradiction des t\u00e9moignages rend l\u2019affaire extr\u00eamement complexe.<\/p>\n<h2 data-start=\"2376\" data-end=\"2402\">L\u2019imposteur et son plan<\/h2>\n<p data-start=\"2404\" data-end=\"2481\">L\u2019homme est finalement identifi\u00e9 comme <span class=\"hover:entity-accent entity-underline inline cursor-pointer align-baseline\"><span class=\"whitespace-normal\">Arnaud du Tilh<\/span><\/span>.<\/p>\n<p data-start=\"2483\" data-end=\"2504\">Il impressionne par :<\/p>\n<ul data-start=\"2505\" data-end=\"2593\">\n<li data-start=\"2505\" data-end=\"2533\">sa ma\u00eetrise des r\u00e9ponses<\/li>\n<li data-start=\"2534\" data-end=\"2563\">son assurance au tribunal<\/li>\n<li data-start=\"2564\" data-end=\"2593\">sa capacit\u00e9 \u00e0 se d\u00e9fendre<\/li>\n<\/ul>\n<p data-start=\"2595\" data-end=\"2714\">Selon les historiens, il aurait collect\u00e9 pendant des ann\u00e9es des informations sur Martin pour reconstruire son identit\u00e9.<\/p>\n<p data-start=\"2716\" data-end=\"2812\">Ce cas est souvent consid\u00e9r\u00e9 comme l\u2019un des premiers exemples d\u2019usurpation d\u2019identit\u00e9 en Europe.<\/p>\n<figure id=\"attachment_725\" aria-describedby=\"caption-attachment-725\" style=\"width: 991px\" class=\"wp-caption alignleft\"><img loading=\"lazy\" decoding=\"async\" class=\" wp-image-725\" src=\"https:\/\/indochinapost.com\/fr\/wp-content\/uploads\/2026\/04\/Anh-chup-man-hinh-2026-04-11-092347.png\" alt=\"L\u2019affaire Martin Guerre et la naissance du droit de l\u2019identit\u00e9\" width=\"991\" height=\"785\" srcset=\"https:\/\/indochinapost.com\/fr\/wp-content\/uploads\/2026\/04\/Anh-chup-man-hinh-2026-04-11-092347.png 792w, https:\/\/indochinapost.com\/fr\/wp-content\/uploads\/2026\/04\/Anh-chup-man-hinh-2026-04-11-092347-300x238.png 300w, https:\/\/indochinapost.com\/fr\/wp-content\/uploads\/2026\/04\/Anh-chup-man-hinh-2026-04-11-092347-768x608.png 768w\" sizes=\"auto, (max-width: 991px) 100vw, 991px\" \/><figcaption id=\"caption-attachment-725\" class=\"wp-caption-text\">L\u2019affaire Martin Guerre et la naissance du droit de l\u2019identit\u00e9<\/figcaption><\/figure>\n<h2 data-start=\"2819\" data-end=\"2855\">Le tournant du proc\u00e8s de Toulouse<\/h2>\n<p data-start=\"2857\" data-end=\"2984\">L\u2019affaire est port\u00e9e devant le tribunal de Toulouse en 1560, o\u00f9 le juge <span class=\"hover:entity-accent entity-underline inline cursor-pointer align-baseline\"><span class=\"whitespace-normal\">Jean de Coras<\/span><\/span> joue un r\u00f4le cl\u00e9.<\/p>\n<p data-start=\"2986\" data-end=\"3064\">Il documente l\u2019affaire dans son ouvrage <span class=\"hover:entity-accent entity-underline inline cursor-pointer align-baseline\"><span class=\"whitespace-normal\">Arrest Memorable<\/span><\/span>.<\/p>\n<p data-start=\"3066\" data-end=\"3100\">Une question fondamentale \u00e9merge :<\/p>\n<p data-start=\"3102\" data-end=\"3141\">Qu\u2019est-ce qui d\u00e9finit une identit\u00e9 ?<\/p>\n<ul data-start=\"3142\" data-end=\"3208\">\n<li data-start=\"3142\" data-end=\"3159\">l\u2019apparence ?<\/li>\n<li data-start=\"3160\" data-end=\"3176\">la m\u00e9moire ?<\/li>\n<li data-start=\"3177\" data-end=\"3208\">la reconnaissance sociale ?<\/li>\n<\/ul>\n<h2 data-start=\"3215\" data-end=\"3234\">La v\u00e9rit\u00e9 \u00e9clate<\/h2>\n<p data-start=\"3236\" data-end=\"3336\">Le tournant survient lorsqu\u2019un soldat amput\u00e9 se pr\u00e9sente et affirme \u00eatre le v\u00e9ritable Martin Guerre.<\/p>\n<p data-start=\"3338\" data-end=\"3360\">Sa pr\u00e9sence provoque :<\/p>\n<ul data-start=\"3361\" data-end=\"3438\">\n<li data-start=\"3361\" data-end=\"3394\">un revirement des t\u00e9moignages<\/li>\n<li data-start=\"3395\" data-end=\"3421\">le doute de la famille<\/li>\n<li data-start=\"3422\" data-end=\"3438\">l\u2019aveu final<\/li>\n<\/ul>\n<p data-start=\"3440\" data-end=\"3517\">Arnaud du Tilh est condamn\u00e9 \u00e0 mort en 1560 apr\u00e8s avoir reconnu son imposture.<\/p>\n<h2 data-start=\"3524\" data-end=\"3555\">Une port\u00e9e juridique majeure<\/h2>\n<p data-start=\"3557\" data-end=\"3604\">Cette affaire d\u00e9passe le simple cadre criminel.<\/p>\n<p data-start=\"3606\" data-end=\"3694\">Elle introduit une r\u00e9flexion essentielle :<br \/>\ncomment le droit d\u00e9finit-il une personne ?<\/p>\n<p data-start=\"3696\" data-end=\"3713\">Elle montre que :<\/p>\n<ul data-start=\"3714\" data-end=\"3823\">\n<li data-start=\"3714\" data-end=\"3742\">la m\u00e9moire ne suffit pas<\/li>\n<li data-start=\"3743\" data-end=\"3775\">des preuves sont n\u00e9cessaires<\/li>\n<li data-start=\"3776\" data-end=\"3823\">l\u2019identit\u00e9 doit \u00eatre prot\u00e9g\u00e9e juridiquement<\/li>\n<\/ul>\n<h2 data-start=\"3830\" data-end=\"3866\">Un parall\u00e8le avec l\u2019\u00e8re num\u00e9rique<\/h2>\n<p data-start=\"3868\" data-end=\"3929\">Malgr\u00e9 ses 500 ans, cette affaire reste \u00e9tonnamment actuelle.<\/p>\n<p data-start=\"3931\" data-end=\"3980\">Aujourd\u2019hui, l\u2019usurpation d\u2019identit\u00e9 repose sur :<\/p>\n<ul data-start=\"3981\" data-end=\"4059\">\n<li data-start=\"3981\" data-end=\"4009\">les donn\u00e9es personnelles<\/li>\n<li data-start=\"4010\" data-end=\"4038\">les identit\u00e9s num\u00e9riques<\/li>\n<li data-start=\"4039\" data-end=\"4059\">les technologies<\/li>\n<\/ul>\n<p data-start=\"4061\" data-end=\"4147\">Le principe reste le m\u00eame :contr\u00f4ler les informations, c\u2019est contr\u00f4ler l\u2019identit\u00e9.<\/p>\n<h2 data-start=\"4154\" data-end=\"4179\">Une le\u00e7on intemporelle<\/h2>\n<p data-start=\"4181\" data-end=\"4227\">L\u2019affaire Martin Guerre illustre un paradoxe :<\/p>\n<ul data-start=\"4228\" data-end=\"4377\">\n<li data-start=\"4228\" data-end=\"4285\">soci\u00e9t\u00e9 fond\u00e9e sur la m\u00e9moire \u2192 fraude par la m\u00e9moire<\/li>\n<li data-start=\"4286\" data-end=\"4339\">soci\u00e9t\u00e9 fond\u00e9e sur les documents \u2192 faux documents<\/li>\n<li data-start=\"4340\" data-end=\"4377\">soci\u00e9t\u00e9 num\u00e9rique \u2192 cyberattaques<\/li>\n<\/ul>\n<p data-start=\"4379\" data-end=\"4417\">L\u2019identit\u00e9 reste une cible permanente.<\/p>\n<p data-start=\"4439\" data-end=\"4525\">L\u2019affaire <span class=\"hover:entity-accent entity-underline inline cursor-pointer align-baseline\"><span class=\"whitespace-normal\">Martin Guerre<\/span><\/span> est bien plus qu\u2019une simple imposture.<\/p>\n<p data-start=\"4527\" data-end=\"4602\">Elle constitue un jalon fondamental dans l\u2019histoire du droit de l\u2019identit\u00e9.<\/p>\n<p data-start=\"4604\" data-end=\"4718\">Depuis un village du sud de la <span class=\"hover:entity-accent entity-underline inline cursor-pointer align-baseline\"><span class=\"whitespace-normal\">France<\/span><\/span>, elle rappelle une v\u00e9rit\u00e9 toujours actuelle :<\/p>\n<p data-start=\"4720\" data-end=\"4800\">\ud83d\udc49 avant de juger un crime, il faut d\u2019abord identifier correctement la personne.<\/p>\n<p data-start=\"4802\" data-end=\"4876\">Et aujourd\u2019hui encore, la protection de l\u2019identit\u00e9 demeure un d\u00e9fi majeur.<\/p>\n<p data-start=\"750\" data-end=\"888\">\n","protected":false},"excerpt":{"rendered":"<p>L\u2019affaire Martin Guerre et la naissance du droit de l\u2019identit\u00e9 Une imposture qui a marqu\u00e9 la France du XVIe si\u00e8cle Au milieu du XVIe si\u00e8cle, dans le village d\u2019Artigat, au sud de la France, une histoire \u00e9tonnante a boulevers\u00e9 non seulement une communaut\u00e9 locale, mais aussi les fondements de la r\u00e9flexion juridique sur l\u2019identit\u00e9 humaine. [&#8230;]\n","protected":false},"author":3,"featured_media":0,"comment_status":"open","ping_status":"open","sticky":false,"template":"","format":"standard","meta":{"footnotes":""},"categories":[1],"tags":[],"class_list":["post-723","post","type-post","status-publish","format-standard","hentry","category-chua-phan-loai"],"acf":[],"yoast_head":"<!-- This site is optimized with the Yoast SEO Premium plugin v20.13 (Yoast SEO v24.9) - https:\/\/yoast.com\/wordpress\/plugins\/seo\/ -->\n<title>L\u2019affaire Martin Guerre et la naissance du droit de l\u2019identit\u00e9<\/title>\n<meta name=\"description\" content=\"L\u2019affaire Martin Guerre et la naissance du droit de l\u2019identit\u00e9, au milieu du XVIe si\u00e8cle, dans le village d\u2019Artigat, au sud de la France,\" \/>\n<meta name=\"robots\" content=\"index, follow, max-snippet:-1, max-image-preview:large, max-video-preview:-1\" \/>\n<link rel=\"canonical\" href=\"https:\/\/indochinapost.com\/fr\/laffaire-martin-guerre-et-la-naissance-du-droit-de-lidentite\/\" \/>\n<meta property=\"og:locale\" content=\"vi_VN\" \/>\n<meta property=\"og:type\" content=\"article\" \/>\n<meta property=\"og:title\" content=\"L\u2019affaire Martin Guerre et la naissance du droit de l\u2019identit\u00e9\" \/>\n<meta property=\"og:description\" content=\"L\u2019affaire Martin Guerre et la naissance du droit de l\u2019identit\u00e9, au milieu du XVIe si\u00e8cle, dans le village d\u2019Artigat, au sud de la France,\" \/>\n<meta property=\"og:url\" content=\"https:\/\/indochinapost.com\/fr\/laffaire-martin-guerre-et-la-naissance-du-droit-de-lidentite\/\" \/>\n<meta property=\"og:site_name\" content=\"INDOCHINAPOST FRANCE\" \/>\n<meta property=\"article:published_time\" content=\"2026-04-11T02:26:16+00:00\" \/>\n<meta property=\"og:image\" content=\"https:\/\/indochinapost.com\/fr\/wp-content\/uploads\/2026\/04\/Anh-chup-man-hinh-2026-04-11-092327.png\" \/>\n\t<meta property=\"og:image:width\" content=\"785\" \/>\n\t<meta property=\"og:image:height\" content=\"668\" \/>\n\t<meta property=\"og:image:type\" content=\"image\/png\" \/>\n<meta name=\"author\" content=\"tts_hanoi\" \/>\n<meta name=\"twitter:card\" content=\"summary_large_image\" \/>\n<meta name=\"twitter:label1\" content=\"\u0110\u01b0\u1ee3c vi\u1ebft b\u1edfi\" \/>\n\t<meta name=\"twitter:data1\" content=\"tts_hanoi\" \/>\n\t<meta name=\"twitter:label2\" content=\"\u01af\u1edbc t\u00ednh th\u1eddi gian \u0111\u1ecdc\" \/>\n\t<meta name=\"twitter:data2\" content=\"5 ph\u00fat\" \/>\n<script type=\"application\/ld+json\" class=\"yoast-schema-graph\">{\"@context\":\"https:\/\/schema.org\",\"@graph\":[{\"@type\":\"WebPage\",\"@id\":\"https:\/\/indochinapost.com\/fr\/laffaire-martin-guerre-et-la-naissance-du-droit-de-lidentite\/\",\"url\":\"https:\/\/indochinapost.com\/fr\/laffaire-martin-guerre-et-la-naissance-du-droit-de-lidentite\/\",\"name\":\"L\u2019affaire Martin Guerre et la naissance du droit de l\u2019identit\u00e9\",\"isPartOf\":{\"@id\":\"https:\/\/indochinapost.com\/fr\/#website\"},\"primaryImageOfPage\":{\"@id\":\"https:\/\/indochinapost.com\/fr\/laffaire-martin-guerre-et-la-naissance-du-droit-de-lidentite\/#primaryimage\"},\"image\":{\"@id\":\"https:\/\/indochinapost.com\/fr\/laffaire-martin-guerre-et-la-naissance-du-droit-de-lidentite\/#primaryimage\"},\"thumbnailUrl\":\"https:\/\/indochinapost.com\/fr\/wp-content\/uploads\/2026\/04\/Anh-chup-man-hinh-2026-04-11-092327.png\",\"datePublished\":\"2026-04-11T02:26:16+00:00\",\"author\":{\"@id\":\"https:\/\/indochinapost.com\/fr\/#\/schema\/person\/10513f60cf1a782735c0300c17f624ce\"},\"description\":\"L\u2019affaire Martin Guerre et la naissance du droit de l\u2019identit\u00e9, au milieu du XVIe si\u00e8cle, dans le village d\u2019Artigat, au sud de la France,\",\"breadcrumb\":{\"@id\":\"https:\/\/indochinapost.com\/fr\/laffaire-martin-guerre-et-la-naissance-du-droit-de-lidentite\/#breadcrumb\"},\"inLanguage\":\"vi\",\"potentialAction\":[{\"@type\":\"ReadAction\",\"target\":[\"https:\/\/indochinapost.com\/fr\/laffaire-martin-guerre-et-la-naissance-du-droit-de-lidentite\/\"]}]},{\"@type\":\"ImageObject\",\"inLanguage\":\"vi\",\"@id\":\"https:\/\/indochinapost.com\/fr\/laffaire-martin-guerre-et-la-naissance-du-droit-de-lidentite\/#primaryimage\",\"url\":\"https:\/\/indochinapost.com\/fr\/wp-content\/uploads\/2026\/04\/Anh-chup-man-hinh-2026-04-11-092327.png\",\"contentUrl\":\"https:\/\/indochinapost.com\/fr\/wp-content\/uploads\/2026\/04\/Anh-chup-man-hinh-2026-04-11-092327.png\",\"width\":785,\"height\":668,\"caption\":\"L\u2019affaire Martin Guerre et la naissance du droit de l\u2019identit\u00e9\"},{\"@type\":\"BreadcrumbList\",\"@id\":\"https:\/\/indochinapost.com\/fr\/laffaire-martin-guerre-et-la-naissance-du-droit-de-lidentite\/#breadcrumb\",\"itemListElement\":[{\"@type\":\"ListItem\",\"position\":1,\"name\":\"Trang ch\u1ee7\",\"item\":\"https:\/\/indochinapost.com\/fr\/\"},{\"@type\":\"ListItem\",\"position\":2,\"name\":\"L\u2019affaire Martin Guerre et la naissance du droit de l\u2019identit\u00e9\"}]},{\"@type\":\"WebSite\",\"@id\":\"https:\/\/indochinapost.com\/fr\/#website\",\"url\":\"https:\/\/indochinapost.com\/fr\/\",\"name\":\"INDOCHINAPOST FRANCE\",\"description\":\"\",\"potentialAction\":[{\"@type\":\"SearchAction\",\"target\":{\"@type\":\"EntryPoint\",\"urlTemplate\":\"https:\/\/indochinapost.com\/fr\/?s={search_term_string}\"},\"query-input\":{\"@type\":\"PropertyValueSpecification\",\"valueRequired\":true,\"valueName\":\"search_term_string\"}}],\"inLanguage\":\"vi\"},{\"@type\":\"Person\",\"@id\":\"https:\/\/indochinapost.com\/fr\/#\/schema\/person\/10513f60cf1a782735c0300c17f624ce\",\"name\":\"tts_hanoi\",\"image\":{\"@type\":\"ImageObject\",\"inLanguage\":\"vi\",\"@id\":\"https:\/\/indochinapost.com\/fr\/#\/schema\/person\/image\/\",\"url\":\"https:\/\/secure.gravatar.com\/avatar\/2289d79150e1e22d803f7e00e527a5a4d10cebbe749892e954f3747fe6f8415f?s=96&d=mm&r=g\",\"contentUrl\":\"https:\/\/secure.gravatar.com\/avatar\/2289d79150e1e22d803f7e00e527a5a4d10cebbe749892e954f3747fe6f8415f?s=96&d=mm&r=g\",\"caption\":\"tts_hanoi\"},\"url\":\"https:\/\/indochinapost.com\/fr\/author\/tts_hanoi\/\"}]}<\/script>\n<!-- \/ Yoast SEO Premium plugin. -->","yoast_head_json":{"title":"L\u2019affaire Martin Guerre et la naissance du droit de l\u2019identit\u00e9","description":"L\u2019affaire Martin Guerre et la naissance du droit de l\u2019identit\u00e9, au milieu du XVIe si\u00e8cle, dans le village d\u2019Artigat, au sud de la France,","robots":{"index":"index","follow":"follow","max-snippet":"max-snippet:-1","max-image-preview":"max-image-preview:large","max-video-preview":"max-video-preview:-1"},"canonical":"https:\/\/indochinapost.com\/fr\/laffaire-martin-guerre-et-la-naissance-du-droit-de-lidentite\/","og_locale":"vi_VN","og_type":"article","og_title":"L\u2019affaire Martin Guerre et la naissance du droit de l\u2019identit\u00e9","og_description":"L\u2019affaire Martin Guerre et la naissance du droit de l\u2019identit\u00e9, au milieu du XVIe si\u00e8cle, dans le village d\u2019Artigat, au sud de la France,","og_url":"https:\/\/indochinapost.com\/fr\/laffaire-martin-guerre-et-la-naissance-du-droit-de-lidentite\/","og_site_name":"INDOCHINAPOST FRANCE","article_published_time":"2026-04-11T02:26:16+00:00","og_image":[{"width":785,"height":668,"url":"https:\/\/indochinapost.com\/fr\/wp-content\/uploads\/2026\/04\/Anh-chup-man-hinh-2026-04-11-092327.png","type":"image\/png"}],"author":"tts_hanoi","twitter_card":"summary_large_image","twitter_misc":{"\u0110\u01b0\u1ee3c vi\u1ebft b\u1edfi":"tts_hanoi","\u01af\u1edbc t\u00ednh th\u1eddi gian \u0111\u1ecdc":"5 ph\u00fat"},"schema":{"@context":"https:\/\/schema.org","@graph":[{"@type":"WebPage","@id":"https:\/\/indochinapost.com\/fr\/laffaire-martin-guerre-et-la-naissance-du-droit-de-lidentite\/","url":"https:\/\/indochinapost.com\/fr\/laffaire-martin-guerre-et-la-naissance-du-droit-de-lidentite\/","name":"L\u2019affaire Martin Guerre et la naissance du droit de l\u2019identit\u00e9","isPartOf":{"@id":"https:\/\/indochinapost.com\/fr\/#website"},"primaryImageOfPage":{"@id":"https:\/\/indochinapost.com\/fr\/laffaire-martin-guerre-et-la-naissance-du-droit-de-lidentite\/#primaryimage"},"image":{"@id":"https:\/\/indochinapost.com\/fr\/laffaire-martin-guerre-et-la-naissance-du-droit-de-lidentite\/#primaryimage"},"thumbnailUrl":"https:\/\/indochinapost.com\/fr\/wp-content\/uploads\/2026\/04\/Anh-chup-man-hinh-2026-04-11-092327.png","datePublished":"2026-04-11T02:26:16+00:00","author":{"@id":"https:\/\/indochinapost.com\/fr\/#\/schema\/person\/10513f60cf1a782735c0300c17f624ce"},"description":"L\u2019affaire Martin Guerre et la naissance du droit de l\u2019identit\u00e9, au milieu du XVIe si\u00e8cle, dans le village d\u2019Artigat, au sud de la France,","breadcrumb":{"@id":"https:\/\/indochinapost.com\/fr\/laffaire-martin-guerre-et-la-naissance-du-droit-de-lidentite\/#breadcrumb"},"inLanguage":"vi","potentialAction":[{"@type":"ReadAction","target":["https:\/\/indochinapost.com\/fr\/laffaire-martin-guerre-et-la-naissance-du-droit-de-lidentite\/"]}]},{"@type":"ImageObject","inLanguage":"vi","@id":"https:\/\/indochinapost.com\/fr\/laffaire-martin-guerre-et-la-naissance-du-droit-de-lidentite\/#primaryimage","url":"https:\/\/indochinapost.com\/fr\/wp-content\/uploads\/2026\/04\/Anh-chup-man-hinh-2026-04-11-092327.png","contentUrl":"https:\/\/indochinapost.com\/fr\/wp-content\/uploads\/2026\/04\/Anh-chup-man-hinh-2026-04-11-092327.png","width":785,"height":668,"caption":"L\u2019affaire Martin Guerre et la naissance du droit de l\u2019identit\u00e9"},{"@type":"BreadcrumbList","@id":"https:\/\/indochinapost.com\/fr\/laffaire-martin-guerre-et-la-naissance-du-droit-de-lidentite\/#breadcrumb","itemListElement":[{"@type":"ListItem","position":1,"name":"Trang ch\u1ee7","item":"https:\/\/indochinapost.com\/fr\/"},{"@type":"ListItem","position":2,"name":"L\u2019affaire Martin Guerre et la naissance du droit de l\u2019identit\u00e9"}]},{"@type":"WebSite","@id":"https:\/\/indochinapost.com\/fr\/#website","url":"https:\/\/indochinapost.com\/fr\/","name":"INDOCHINAPOST FRANCE","description":"","potentialAction":[{"@type":"SearchAction","target":{"@type":"EntryPoint","urlTemplate":"https:\/\/indochinapost.com\/fr\/?s={search_term_string}"},"query-input":{"@type":"PropertyValueSpecification","valueRequired":true,"valueName":"search_term_string"}}],"inLanguage":"vi"},{"@type":"Person","@id":"https:\/\/indochinapost.com\/fr\/#\/schema\/person\/10513f60cf1a782735c0300c17f624ce","name":"tts_hanoi","image":{"@type":"ImageObject","inLanguage":"vi","@id":"https:\/\/indochinapost.com\/fr\/#\/schema\/person\/image\/","url":"https:\/\/secure.gravatar.com\/avatar\/2289d79150e1e22d803f7e00e527a5a4d10cebbe749892e954f3747fe6f8415f?s=96&d=mm&r=g","contentUrl":"https:\/\/secure.gravatar.com\/avatar\/2289d79150e1e22d803f7e00e527a5a4d10cebbe749892e954f3747fe6f8415f?s=96&d=mm&r=g","caption":"tts_hanoi"},"url":"https:\/\/indochinapost.com\/fr\/author\/tts_hanoi\/"}]}},"_links":{"self":[{"href":"https:\/\/indochinapost.com\/fr\/wp-json\/wp\/v2\/posts\/723","targetHints":{"allow":["GET"]}}],"collection":[{"href":"https:\/\/indochinapost.com\/fr\/wp-json\/wp\/v2\/posts"}],"about":[{"href":"https:\/\/indochinapost.com\/fr\/wp-json\/wp\/v2\/types\/post"}],"author":[{"embeddable":true,"href":"https:\/\/indochinapost.com\/fr\/wp-json\/wp\/v2\/users\/3"}],"replies":[{"embeddable":true,"href":"https:\/\/indochinapost.com\/fr\/wp-json\/wp\/v2\/comments?post=723"}],"version-history":[{"count":1,"href":"https:\/\/indochinapost.com\/fr\/wp-json\/wp\/v2\/posts\/723\/revisions"}],"predecessor-version":[{"id":726,"href":"https:\/\/indochinapost.com\/fr\/wp-json\/wp\/v2\/posts\/723\/revisions\/726"}],"wp:attachment":[{"href":"https:\/\/indochinapost.com\/fr\/wp-json\/wp\/v2\/media?parent=723"}],"wp:term":[{"taxonomy":"category","embeddable":true,"href":"https:\/\/indochinapost.com\/fr\/wp-json\/wp\/v2\/categories?post=723"},{"taxonomy":"post_tag","embeddable":true,"href":"https:\/\/indochinapost.com\/fr\/wp-json\/wp\/v2\/tags?post=723"}],"curies":[{"name":"wp","href":"https:\/\/api.w.org\/{rel}","templated":true}]}}