{"id":710,"date":"2026-04-09T08:48:01","date_gmt":"2026-04-09T08:48:01","guid":{"rendered":"https:\/\/indochinapost.com\/fr\/?p=710"},"modified":"2026-04-09T09:09:06","modified_gmt":"2026-04-09T09:09:06","slug":"la-france-connait-une-vague-de-chaleur-exceptionnelle-des-temperatures-superieures-de-14c-des-debut-avril","status":"publish","type":"post","link":"https:\/\/indochinapost.com\/fr\/la-france-connait-une-vague-de-chaleur-exceptionnelle-des-temperatures-superieures-de-14c-des-debut-avril\/","title":{"rendered":"La France conna\u00eet une vague de chaleur exceptionnelle : des temp\u00e9ratures sup\u00e9rieures de 14\u00b0C d\u00e8s d\u00e9but avril"},"content":{"rendered":"\n\n<div class=\"kk-star-ratings kksr-auto kksr-align-left kksr-valign-top\"\n    data-payload='{&quot;align&quot;:&quot;left&quot;,&quot;id&quot;:&quot;710&quot;,&quot;slug&quot;:&quot;default&quot;,&quot;valign&quot;:&quot;top&quot;,&quot;ignore&quot;:&quot;&quot;,&quot;reference&quot;:&quot;auto&quot;,&quot;class&quot;:&quot;&quot;,&quot;count&quot;:&quot;0&quot;,&quot;legendonly&quot;:&quot;&quot;,&quot;readonly&quot;:&quot;&quot;,&quot;score&quot;:&quot;0&quot;,&quot;starsonly&quot;:&quot;&quot;,&quot;best&quot;:&quot;5&quot;,&quot;gap&quot;:&quot;5&quot;,&quot;greet&quot;:&quot;Rate this post&quot;,&quot;legend&quot;:&quot;0\\\/5 - (0 b\u00ecnh ch\u1ecdn)&quot;,&quot;size&quot;:&quot;24&quot;,&quot;title&quot;:&quot;La France conna\u00eet une vague de chaleur exceptionnelle : des temp\u00e9ratures sup\u00e9rieures de 14\u00b0C d\u00e8s d\u00e9but avril&quot;,&quot;width&quot;:&quot;0&quot;,&quot;_legend&quot;:&quot;{score}\\\/{best} - ({count} {votes})&quot;,&quot;font_factor&quot;:&quot;1.25&quot;}'>\n            \n<div class=\"kksr-stars\">\n    \n<div class=\"kksr-stars-inactive\">\n            <div class=\"kksr-star\" data-star=\"1\" style=\"padding-right: 5px\">\n            \n\n<div class=\"kksr-icon\" style=\"width: 24px; height: 24px;\"><\/div>\n        <\/div>\n            <div class=\"kksr-star\" data-star=\"2\" style=\"padding-right: 5px\">\n            \n\n<div class=\"kksr-icon\" style=\"width: 24px; height: 24px;\"><\/div>\n        <\/div>\n            <div class=\"kksr-star\" data-star=\"3\" style=\"padding-right: 5px\">\n            \n\n<div class=\"kksr-icon\" style=\"width: 24px; height: 24px;\"><\/div>\n        <\/div>\n            <div class=\"kksr-star\" data-star=\"4\" style=\"padding-right: 5px\">\n            \n\n<div class=\"kksr-icon\" style=\"width: 24px; height: 24px;\"><\/div>\n        <\/div>\n            <div class=\"kksr-star\" data-star=\"5\" style=\"padding-right: 5px\">\n            \n\n<div class=\"kksr-icon\" style=\"width: 24px; height: 24px;\"><\/div>\n        <\/div>\n    <\/div>\n    \n<div class=\"kksr-stars-active\" style=\"width: 0px;\">\n            <div class=\"kksr-star\" style=\"padding-right: 5px\">\n            \n\n<div class=\"kksr-icon\" style=\"width: 24px; height: 24px;\"><\/div>\n        <\/div>\n            <div class=\"kksr-star\" style=\"padding-right: 5px\">\n            \n\n<div class=\"kksr-icon\" style=\"width: 24px; height: 24px;\"><\/div>\n        <\/div>\n            <div class=\"kksr-star\" style=\"padding-right: 5px\">\n            \n\n<div class=\"kksr-icon\" style=\"width: 24px; height: 24px;\"><\/div>\n        <\/div>\n            <div class=\"kksr-star\" style=\"padding-right: 5px\">\n            \n\n<div class=\"kksr-icon\" style=\"width: 24px; height: 24px;\"><\/div>\n        <\/div>\n            <div class=\"kksr-star\" style=\"padding-right: 5px\">\n            \n\n<div class=\"kksr-icon\" style=\"width: 24px; height: 24px;\"><\/div>\n        <\/div>\n    <\/div>\n<\/div>\n                \n\n<div class=\"kksr-legend\" style=\"font-size: 19.2px;\">\n            <span class=\"kksr-muted\">Rate this post<\/span>\n    <\/div>\n    <\/div>\n<h1>La <span class=\"hover:entity-accent entity-underline inline cursor-pointer align-baseline\"><span class=\"whitespace-normal\">France<\/span><\/span> conna\u00eet une vague de chaleur exceptionnelle : des temp\u00e9ratures sup\u00e9rieures de 14\u00b0C d\u00e8s d\u00e9but avril<\/h1>\n<p data-start=\"144\" data-end=\"464\">D\u00e9but avril 2026, la <span class=\"hover:entity-accent entity-underline inline cursor-pointer align-baseline\"><span class=\"whitespace-normal\">France<\/span><\/span> fait face \u00e0 un ph\u00e9nom\u00e8ne m\u00e9t\u00e9orologique rare avec une hausse des temp\u00e9ratures pouvant d\u00e9passer <strong data-start=\"298\" data-end=\"342\">14\u00b0C au-dessus des normales saisonni\u00e8res<\/strong>. Cette vague de chaleur pr\u00e9coce suscite de fortes inqui\u00e9tudes quant aux impacts du <span class=\"hover:entity-accent entity-underline inline cursor-pointer align-baseline\"><span class=\"whitespace-normal\">changement climatique<\/span><\/span>.<\/p>\n<figure id=\"attachment_711\" aria-describedby=\"caption-attachment-711\" style=\"width: 1016px\" class=\"wp-caption alignleft\"><img loading=\"lazy\" decoding=\"async\" class=\"size-full wp-image-711\" src=\"https:\/\/indochinapost.com\/fr\/wp-content\/uploads\/2026\/04\/Anh-chup-man-hinh-2026-04-09-154415.png\" alt=\"La France conna\u00eet une vague de chaleur exceptionnelle : des temp\u00e9ratures sup\u00e9rieures de 14\u00b0C d\u00e8s d\u00e9but avril\" width=\"1016\" height=\"596\" srcset=\"https:\/\/indochinapost.com\/fr\/wp-content\/uploads\/2026\/04\/Anh-chup-man-hinh-2026-04-09-154415.png 1016w, https:\/\/indochinapost.com\/fr\/wp-content\/uploads\/2026\/04\/Anh-chup-man-hinh-2026-04-09-154415-300x176.png 300w, https:\/\/indochinapost.com\/fr\/wp-content\/uploads\/2026\/04\/Anh-chup-man-hinh-2026-04-09-154415-768x451.png 768w\" sizes=\"auto, (max-width: 1016px) 100vw, 1016px\" \/><figcaption id=\"caption-attachment-711\" class=\"wp-caption-text\">La France conna\u00eet une vague de chaleur exceptionnelle : des temp\u00e9ratures sup\u00e9rieures de 14\u00b0C d\u00e8s d\u00e9but avril<\/figcaption><\/figure>\n<h2 data-start=\"471\" data-end=\"525\">Des temp\u00e9ratures proches de 30\u00b0C, typiques de l\u2019\u00e9t\u00e9<\/h2>\n<p data-start=\"527\" data-end=\"651\">Selon <span class=\"hover:entity-accent entity-underline inline cursor-pointer align-baseline\"><span class=\"whitespace-normal\">M\u00e9t\u00e9o-France<\/span><\/span>, de nombreuses r\u00e9gions ont enregistr\u00e9 une hausse significative des temp\u00e9ratures.<\/p>\n<ul data-start=\"653\" data-end=\"843\">\n<li data-start=\"653\" data-end=\"739\">Le 8 avril, certaines zones ont atteint jusqu\u2019\u00e0 <strong data-start=\"703\" data-end=\"711\">29\u00b0C<\/strong>, proche du seuil des 30\u00b0C<\/li>\n<li data-start=\"740\" data-end=\"843\">Ce niveau est habituellement observ\u00e9 au <strong data-start=\"782\" data-end=\"807\">d\u00e9but du mois de juin<\/strong>, soit pr\u00e8s de deux mois plus tard<\/li>\n<\/ul>\n<p data-start=\"845\" data-end=\"1030\">D\u00e8s le 7 avril, plusieurs localit\u00e9s du sud-ouest ont m\u00eame d\u00e9pass\u00e9 les <strong data-start=\"915\" data-end=\"923\">30\u00b0C<\/strong>, une situation inhabituelle pour un pays au climat temp\u00e9r\u00e9 comme la <span class=\"hover:entity-accent entity-underline inline cursor-pointer align-baseline\"><span class=\"whitespace-normal\">France<\/span><\/span>.<\/p>\n<h2 data-start=\"1037\" data-end=\"1080\">Les causes de cette chaleur inhabituelle<\/h2>\n<p data-start=\"1082\" data-end=\"1142\">Les experts expliquent ce ph\u00e9nom\u00e8ne par plusieurs facteurs :<\/p>\n<ul data-start=\"1144\" data-end=\"1332\">\n<li data-start=\"1144\" data-end=\"1211\">La pr\u00e9sence d\u2019un <strong data-start=\"1163\" data-end=\"1185\">anticyclone stable<\/strong> sur l\u2019Europe de l\u2019Ouest<\/li>\n<li data-start=\"1212\" data-end=\"1265\">Une <strong data-start=\"1218\" data-end=\"1263\">remont\u00e9e d\u2019air chaud en provenance du sud<\/strong><\/li>\n<li data-start=\"1266\" data-end=\"1332\">Les effets croissants du <span class=\"hover:entity-accent entity-underline inline cursor-pointer align-baseline\"><span class=\"whitespace-normal\">changement climatique<\/span><\/span><\/li>\n<\/ul>\n<p data-start=\"1334\" data-end=\"1432\">Cette combinaison a entra\u00een\u00e9 une hausse g\u00e9n\u00e9ralis\u00e9e des temp\u00e9ratures sur l\u2019ensemble du territoire.<\/p>\n<h2 data-start=\"1439\" data-end=\"1488\">Des temp\u00e9ratures nocturnes \u00e9galement anormales<\/h2>\n<p data-start=\"1490\" data-end=\"1539\">La nuit aussi, les temp\u00e9ratures restent \u00e9lev\u00e9es :<\/p>\n<ul data-start=\"1541\" data-end=\"1710\">\n<li data-start=\"1541\" data-end=\"1641\">Dans le d\u00e9partement de <span class=\"hover:entity-accent entity-underline inline cursor-pointer align-baseline\"><span class=\"whitespace-normal\">Finist\u00e8re<\/span><\/span>, les minimales ont atteint <strong data-start=\"1631\" data-end=\"1639\">16\u00b0C<\/strong><\/li>\n<li data-start=\"1642\" data-end=\"1710\">Un niveau comparable \u00e0 une nuit d\u2019\u00e9t\u00e9, battant plusieurs records<\/li>\n<\/ul>\n<p data-start=\"1712\" data-end=\"1789\">Cela confirme le caract\u00e8re exceptionnel et durable de cet \u00e9pisode de chaleur.<\/p>\n<figure id=\"attachment_712\" aria-describedby=\"caption-attachment-712\" style=\"width: 986px\" class=\"wp-caption alignleft\"><img loading=\"lazy\" decoding=\"async\" class=\" wp-image-712\" src=\"https:\/\/indochinapost.com\/fr\/wp-content\/uploads\/2026\/04\/Anh-chup-man-hinh-2026-04-09-154550.png\" alt=\"La France conna\u00eet une vague de chaleur exceptionnelle : des temp\u00e9ratures sup\u00e9rieures de 14\u00b0C d\u00e8s d\u00e9but avril\" width=\"986\" height=\"473\" srcset=\"https:\/\/indochinapost.com\/fr\/wp-content\/uploads\/2026\/04\/Anh-chup-man-hinh-2026-04-09-154550.png 955w, https:\/\/indochinapost.com\/fr\/wp-content\/uploads\/2026\/04\/Anh-chup-man-hinh-2026-04-09-154550-300x144.png 300w, https:\/\/indochinapost.com\/fr\/wp-content\/uploads\/2026\/04\/Anh-chup-man-hinh-2026-04-09-154550-768x368.png 768w\" sizes=\"auto, (max-width: 986px) 100vw, 986px\" \/><figcaption id=\"caption-attachment-712\" class=\"wp-caption-text\">La France conna\u00eet une vague de chaleur exceptionnelle : des temp\u00e9ratures sup\u00e9rieures de 14\u00b0C d\u00e8s d\u00e9but avril<\/figcaption><\/figure>\n<h2 data-start=\"1796\" data-end=\"1849\">Plusieurs r\u00e9gions largement au-dessus des normales<\/h2>\n<p data-start=\"1851\" data-end=\"1938\">Le 8 avril, plusieurs villes ont enregistr\u00e9 des temp\u00e9ratures sup\u00e9rieures \u00e0 la moyenne :<\/p>\n<ul data-start=\"1940\" data-end=\"2065\">\n<li data-start=\"1940\" data-end=\"1981\"><span class=\"hover:entity-accent entity-underline inline cursor-pointer align-baseline\"><span class=\"whitespace-normal\">Le Mans<\/span><\/span><\/li>\n<li data-start=\"1982\" data-end=\"2023\"><span class=\"hover:entity-accent entity-underline inline cursor-pointer align-baseline\"><span class=\"whitespace-normal\">Ussel<\/span><\/span><\/li>\n<li data-start=\"2024\" data-end=\"2065\"><span class=\"hover:entity-accent entity-underline inline cursor-pointer align-baseline\"><span class=\"whitespace-normal\">S\u00e9es<\/span><\/span><\/li>\n<\/ul>\n<p data-start=\"2067\" data-end=\"2091\">Dans des r\u00e9gions comme :<\/p>\n<ul data-start=\"2093\" data-end=\"2268\">\n<li data-start=\"2093\" data-end=\"2136\"><span class=\"hover:entity-accent entity-underline inline cursor-pointer align-baseline\"><span class=\"whitespace-normal\">Berry<\/span><\/span><\/li>\n<li data-start=\"2137\" data-end=\"2180\"><span class=\"hover:entity-accent entity-underline inline cursor-pointer align-baseline\"><span class=\"whitespace-normal\">Poitou<\/span><\/span><\/li>\n<li data-start=\"2181\" data-end=\"2224\"><span class=\"hover:entity-accent entity-underline inline cursor-pointer align-baseline\"><span class=\"whitespace-normal\">Bretagne<\/span><\/span><\/li>\n<li data-start=\"2225\" data-end=\"2268\"><span class=\"hover:entity-accent entity-underline inline cursor-pointer align-baseline\"><span class=\"whitespace-normal\">Normandie<\/span><\/span><\/li>\n<\/ul>\n<p data-start=\"2270\" data-end=\"2356\">Les conditions m\u00e9t\u00e9orologiques rappellent celles du <strong data-start=\"2322\" data-end=\"2341\">mois de juillet<\/strong>, en plein \u00e9t\u00e9.<\/p>\n<h2 data-start=\"2363\" data-end=\"2404\">Une tendance de plus en plus fr\u00e9quente<\/h2>\n<p data-start=\"2406\" data-end=\"2514\">D\u2019apr\u00e8s <span class=\"hover:entity-accent entity-underline inline cursor-pointer align-baseline\"><span class=\"whitespace-normal\">M\u00e9t\u00e9o-France<\/span><\/span>, ces \u00e9pisodes de chaleur pr\u00e9coce deviennent plus fr\u00e9quents :<\/p>\n<ul data-start=\"2516\" data-end=\"2617\">\n<li data-start=\"2516\" data-end=\"2555\">Avant : rares avant le mois de juin<\/li>\n<li data-start=\"2556\" data-end=\"2617\">Depuis les ann\u00e9es 2000 : observ\u00e9s d\u00e8s mars ou d\u00e9but avril<\/li>\n<\/ul>\n<p data-start=\"2619\" data-end=\"2719\">Cette \u00e9volution illustre clairement les effets du <span class=\"hover:entity-accent entity-underline inline cursor-pointer align-baseline\"><span class=\"whitespace-normal\">changement climatique<\/span><\/span> en Europe.<\/p>\n<h2 data-start=\"2726\" data-end=\"2753\">Des impacts pr\u00e9occupants<\/h2>\n<p data-start=\"2755\" data-end=\"2819\">Les sp\u00e9cialistes alertent sur plusieurs cons\u00e9quences possibles :<\/p>\n<ul data-start=\"2821\" data-end=\"2972\">\n<li data-start=\"2821\" data-end=\"2855\">Risque accru de <strong data-start=\"2839\" data-end=\"2853\">s\u00e9cheresse<\/strong><\/li>\n<li data-start=\"2856\" data-end=\"2890\">Pression sur l\u2019<strong data-start=\"2873\" data-end=\"2888\">agriculture<\/strong><\/li>\n<li data-start=\"2891\" data-end=\"2934\">Tensions sur le <strong data-start=\"2909\" data-end=\"2932\">syst\u00e8me \u00e9nerg\u00e9tique<\/strong><\/li>\n<li data-start=\"2935\" data-end=\"2972\">Impacts sur la <strong data-start=\"2952\" data-end=\"2970\">sant\u00e9 publique<\/strong><\/li>\n<\/ul>\n<p data-start=\"2974\" data-end=\"3074\">Ces ph\u00e9nom\u00e8nes extr\u00eames tendent \u00e0 devenir plus fr\u00e9quents en <span class=\"hover:entity-accent entity-underline inline cursor-pointer align-baseline\"><span class=\"whitespace-normal\">Europe<\/span><\/span>.<\/p>\n<p data-start=\"3096\" data-end=\"3395\">Cette vague de chaleur exceptionnelle en <span class=\"hover:entity-accent entity-underline inline cursor-pointer align-baseline\"><span class=\"whitespace-normal\">France<\/span><\/span> d\u00e8s le d\u00e9but du mois d\u2019avril 2026 illustre l\u2019\u00e9volution rapide du climat. Avec des \u00e9carts atteignant 14\u00b0C au-dessus des normales, il devient essentiel d\u2019adopter des mesures d\u2019adaptation face aux changements climatiques.<\/p>\n","protected":false},"excerpt":{"rendered":"<p>La France conna\u00eet une vague de chaleur exceptionnelle : des temp\u00e9ratures sup\u00e9rieures de 14\u00b0C d\u00e8s d\u00e9but avril D\u00e9but avril 2026, la France fait face \u00e0 un ph\u00e9nom\u00e8ne m\u00e9t\u00e9orologique rare avec une hausse des temp\u00e9ratures pouvant d\u00e9passer 14\u00b0C au-dessus des normales saisonni\u00e8res. Cette vague de chaleur pr\u00e9coce suscite de fortes inqui\u00e9tudes quant aux impacts du changement [&#8230;]\n","protected":false},"author":3,"featured_media":712,"comment_status":"open","ping_status":"open","sticky":false,"template":"","format":"standard","meta":{"footnotes":""},"categories":[1],"tags":[],"class_list":["post-710","post","type-post","status-publish","format-standard","has-post-thumbnail","hentry","category-chua-phan-loai"],"acf":[],"yoast_head":"<!-- This site is optimized with the Yoast SEO Premium plugin v20.13 (Yoast SEO v24.9) - https:\/\/yoast.com\/wordpress\/plugins\/seo\/ -->\n<title>La France conna\u00eet une vague de chaleur exceptionnelle<\/title>\n<meta name=\"description\" content=\"La France conna\u00eet une vague de chaleur exceptionnelle : des temp\u00e9ratures sup\u00e9rieures de 14\u00b0C d\u00e8s d\u00e9but avril\" \/>\n<meta name=\"robots\" content=\"index, follow, max-snippet:-1, max-image-preview:large, max-video-preview:-1\" \/>\n<link rel=\"canonical\" href=\"https:\/\/indochinapost.com\/fr\/la-france-connait-une-vague-de-chaleur-exceptionnelle-des-temperatures-superieures-de-14c-des-debut-avril\/\" \/>\n<meta property=\"og:locale\" content=\"vi_VN\" \/>\n<meta property=\"og:type\" content=\"article\" \/>\n<meta property=\"og:title\" content=\"La France conna\u00eet une vague de chaleur exceptionnelle : des temp\u00e9ratures sup\u00e9rieures de 14\u00b0C d\u00e8s d\u00e9but avril\" \/>\n<meta property=\"og:description\" content=\"La France conna\u00eet une vague de chaleur exceptionnelle : des temp\u00e9ratures sup\u00e9rieures de 14\u00b0C d\u00e8s d\u00e9but avril\" \/>\n<meta property=\"og:url\" content=\"https:\/\/indochinapost.com\/fr\/la-france-connait-une-vague-de-chaleur-exceptionnelle-des-temperatures-superieures-de-14c-des-debut-avril\/\" \/>\n<meta property=\"og:site_name\" content=\"INDOCHINAPOST FRANCE\" \/>\n<meta property=\"article:published_time\" content=\"2026-04-09T08:48:01+00:00\" \/>\n<meta property=\"article:modified_time\" content=\"2026-04-09T09:09:06+00:00\" \/>\n<meta property=\"og:image\" content=\"https:\/\/indochinapost.com\/fr\/wp-content\/uploads\/2026\/04\/Anh-chup-man-hinh-2026-04-09-154550.png\" \/>\n\t<meta property=\"og:image:width\" content=\"955\" \/>\n\t<meta property=\"og:image:height\" content=\"458\" \/>\n\t<meta property=\"og:image:type\" content=\"image\/png\" \/>\n<meta name=\"author\" content=\"tts_hanoi\" \/>\n<meta name=\"twitter:card\" content=\"summary_large_image\" \/>\n<meta name=\"twitter:label1\" content=\"\u0110\u01b0\u1ee3c vi\u1ebft b\u1edfi\" \/>\n\t<meta name=\"twitter:data1\" content=\"tts_hanoi\" \/>\n\t<meta name=\"twitter:label2\" content=\"\u01af\u1edbc t\u00ednh th\u1eddi gian \u0111\u1ecdc\" \/>\n\t<meta name=\"twitter:data2\" content=\"3 ph\u00fat\" \/>\n<script type=\"application\/ld+json\" class=\"yoast-schema-graph\">{\"@context\":\"https:\/\/schema.org\",\"@graph\":[{\"@type\":\"WebPage\",\"@id\":\"https:\/\/indochinapost.com\/fr\/la-france-connait-une-vague-de-chaleur-exceptionnelle-des-temperatures-superieures-de-14c-des-debut-avril\/\",\"url\":\"https:\/\/indochinapost.com\/fr\/la-france-connait-une-vague-de-chaleur-exceptionnelle-des-temperatures-superieures-de-14c-des-debut-avril\/\",\"name\":\"La France conna\u00eet une vague de chaleur exceptionnelle\",\"isPartOf\":{\"@id\":\"https:\/\/indochinapost.com\/fr\/#website\"},\"primaryImageOfPage\":{\"@id\":\"https:\/\/indochinapost.com\/fr\/la-france-connait-une-vague-de-chaleur-exceptionnelle-des-temperatures-superieures-de-14c-des-debut-avril\/#primaryimage\"},\"image\":{\"@id\":\"https:\/\/indochinapost.com\/fr\/la-france-connait-une-vague-de-chaleur-exceptionnelle-des-temperatures-superieures-de-14c-des-debut-avril\/#primaryimage\"},\"thumbnailUrl\":\"https:\/\/indochinapost.com\/fr\/wp-content\/uploads\/2026\/04\/Anh-chup-man-hinh-2026-04-09-154550.png\",\"datePublished\":\"2026-04-09T08:48:01+00:00\",\"dateModified\":\"2026-04-09T09:09:06+00:00\",\"author\":{\"@id\":\"https:\/\/indochinapost.com\/fr\/#\/schema\/person\/10513f60cf1a782735c0300c17f624ce\"},\"description\":\"La France conna\u00eet une vague de chaleur exceptionnelle : des temp\u00e9ratures sup\u00e9rieures de 14\u00b0C d\u00e8s d\u00e9but avril\",\"breadcrumb\":{\"@id\":\"https:\/\/indochinapost.com\/fr\/la-france-connait-une-vague-de-chaleur-exceptionnelle-des-temperatures-superieures-de-14c-des-debut-avril\/#breadcrumb\"},\"inLanguage\":\"vi\",\"potentialAction\":[{\"@type\":\"ReadAction\",\"target\":[\"https:\/\/indochinapost.com\/fr\/la-france-connait-une-vague-de-chaleur-exceptionnelle-des-temperatures-superieures-de-14c-des-debut-avril\/\"]}]},{\"@type\":\"ImageObject\",\"inLanguage\":\"vi\",\"@id\":\"https:\/\/indochinapost.com\/fr\/la-france-connait-une-vague-de-chaleur-exceptionnelle-des-temperatures-superieures-de-14c-des-debut-avril\/#primaryimage\",\"url\":\"https:\/\/indochinapost.com\/fr\/wp-content\/uploads\/2026\/04\/Anh-chup-man-hinh-2026-04-09-154550.png\",\"contentUrl\":\"https:\/\/indochinapost.com\/fr\/wp-content\/uploads\/2026\/04\/Anh-chup-man-hinh-2026-04-09-154550.png\",\"width\":955,\"height\":458,\"caption\":\"La France conna\u00eet une vague de chaleur exceptionnelle : des temp\u00e9ratures sup\u00e9rieures de 14\u00b0C d\u00e8s d\u00e9but avril\"},{\"@type\":\"BreadcrumbList\",\"@id\":\"https:\/\/indochinapost.com\/fr\/la-france-connait-une-vague-de-chaleur-exceptionnelle-des-temperatures-superieures-de-14c-des-debut-avril\/#breadcrumb\",\"itemListElement\":[{\"@type\":\"ListItem\",\"position\":1,\"name\":\"Trang ch\u1ee7\",\"item\":\"https:\/\/indochinapost.com\/fr\/\"},{\"@type\":\"ListItem\",\"position\":2,\"name\":\"La France conna\u00eet une vague de chaleur exceptionnelle : des temp\u00e9ratures sup\u00e9rieures de 14\u00b0C d\u00e8s d\u00e9but avril\"}]},{\"@type\":\"WebSite\",\"@id\":\"https:\/\/indochinapost.com\/fr\/#website\",\"url\":\"https:\/\/indochinapost.com\/fr\/\",\"name\":\"INDOCHINAPOST FRANCE\",\"description\":\"\",\"potentialAction\":[{\"@type\":\"SearchAction\",\"target\":{\"@type\":\"EntryPoint\",\"urlTemplate\":\"https:\/\/indochinapost.com\/fr\/?s={search_term_string}\"},\"query-input\":{\"@type\":\"PropertyValueSpecification\",\"valueRequired\":true,\"valueName\":\"search_term_string\"}}],\"inLanguage\":\"vi\"},{\"@type\":\"Person\",\"@id\":\"https:\/\/indochinapost.com\/fr\/#\/schema\/person\/10513f60cf1a782735c0300c17f624ce\",\"name\":\"tts_hanoi\",\"image\":{\"@type\":\"ImageObject\",\"inLanguage\":\"vi\",\"@id\":\"https:\/\/indochinapost.com\/fr\/#\/schema\/person\/image\/\",\"url\":\"https:\/\/secure.gravatar.com\/avatar\/2289d79150e1e22d803f7e00e527a5a4d10cebbe749892e954f3747fe6f8415f?s=96&d=mm&r=g\",\"contentUrl\":\"https:\/\/secure.gravatar.com\/avatar\/2289d79150e1e22d803f7e00e527a5a4d10cebbe749892e954f3747fe6f8415f?s=96&d=mm&r=g\",\"caption\":\"tts_hanoi\"},\"url\":\"https:\/\/indochinapost.com\/fr\/author\/tts_hanoi\/\"}]}<\/script>\n<!-- \/ Yoast SEO Premium plugin. -->","yoast_head_json":{"title":"La France conna\u00eet une vague de chaleur exceptionnelle","description":"La France conna\u00eet une vague de chaleur exceptionnelle : des temp\u00e9ratures sup\u00e9rieures de 14\u00b0C d\u00e8s d\u00e9but avril","robots":{"index":"index","follow":"follow","max-snippet":"max-snippet:-1","max-image-preview":"max-image-preview:large","max-video-preview":"max-video-preview:-1"},"canonical":"https:\/\/indochinapost.com\/fr\/la-france-connait-une-vague-de-chaleur-exceptionnelle-des-temperatures-superieures-de-14c-des-debut-avril\/","og_locale":"vi_VN","og_type":"article","og_title":"La France conna\u00eet une vague de chaleur exceptionnelle : des temp\u00e9ratures sup\u00e9rieures de 14\u00b0C d\u00e8s d\u00e9but avril","og_description":"La France conna\u00eet une vague de chaleur exceptionnelle : des temp\u00e9ratures sup\u00e9rieures de 14\u00b0C d\u00e8s d\u00e9but avril","og_url":"https:\/\/indochinapost.com\/fr\/la-france-connait-une-vague-de-chaleur-exceptionnelle-des-temperatures-superieures-de-14c-des-debut-avril\/","og_site_name":"INDOCHINAPOST FRANCE","article_published_time":"2026-04-09T08:48:01+00:00","article_modified_time":"2026-04-09T09:09:06+00:00","og_image":[{"width":955,"height":458,"url":"https:\/\/indochinapost.com\/fr\/wp-content\/uploads\/2026\/04\/Anh-chup-man-hinh-2026-04-09-154550.png","type":"image\/png"}],"author":"tts_hanoi","twitter_card":"summary_large_image","twitter_misc":{"\u0110\u01b0\u1ee3c vi\u1ebft b\u1edfi":"tts_hanoi","\u01af\u1edbc t\u00ednh th\u1eddi gian \u0111\u1ecdc":"3 ph\u00fat"},"schema":{"@context":"https:\/\/schema.org","@graph":[{"@type":"WebPage","@id":"https:\/\/indochinapost.com\/fr\/la-france-connait-une-vague-de-chaleur-exceptionnelle-des-temperatures-superieures-de-14c-des-debut-avril\/","url":"https:\/\/indochinapost.com\/fr\/la-france-connait-une-vague-de-chaleur-exceptionnelle-des-temperatures-superieures-de-14c-des-debut-avril\/","name":"La France conna\u00eet une vague de chaleur exceptionnelle","isPartOf":{"@id":"https:\/\/indochinapost.com\/fr\/#website"},"primaryImageOfPage":{"@id":"https:\/\/indochinapost.com\/fr\/la-france-connait-une-vague-de-chaleur-exceptionnelle-des-temperatures-superieures-de-14c-des-debut-avril\/#primaryimage"},"image":{"@id":"https:\/\/indochinapost.com\/fr\/la-france-connait-une-vague-de-chaleur-exceptionnelle-des-temperatures-superieures-de-14c-des-debut-avril\/#primaryimage"},"thumbnailUrl":"https:\/\/indochinapost.com\/fr\/wp-content\/uploads\/2026\/04\/Anh-chup-man-hinh-2026-04-09-154550.png","datePublished":"2026-04-09T08:48:01+00:00","dateModified":"2026-04-09T09:09:06+00:00","author":{"@id":"https:\/\/indochinapost.com\/fr\/#\/schema\/person\/10513f60cf1a782735c0300c17f624ce"},"description":"La France conna\u00eet une vague de chaleur exceptionnelle : des temp\u00e9ratures sup\u00e9rieures de 14\u00b0C d\u00e8s d\u00e9but avril","breadcrumb":{"@id":"https:\/\/indochinapost.com\/fr\/la-france-connait-une-vague-de-chaleur-exceptionnelle-des-temperatures-superieures-de-14c-des-debut-avril\/#breadcrumb"},"inLanguage":"vi","potentialAction":[{"@type":"ReadAction","target":["https:\/\/indochinapost.com\/fr\/la-france-connait-une-vague-de-chaleur-exceptionnelle-des-temperatures-superieures-de-14c-des-debut-avril\/"]}]},{"@type":"ImageObject","inLanguage":"vi","@id":"https:\/\/indochinapost.com\/fr\/la-france-connait-une-vague-de-chaleur-exceptionnelle-des-temperatures-superieures-de-14c-des-debut-avril\/#primaryimage","url":"https:\/\/indochinapost.com\/fr\/wp-content\/uploads\/2026\/04\/Anh-chup-man-hinh-2026-04-09-154550.png","contentUrl":"https:\/\/indochinapost.com\/fr\/wp-content\/uploads\/2026\/04\/Anh-chup-man-hinh-2026-04-09-154550.png","width":955,"height":458,"caption":"La France conna\u00eet une vague de chaleur exceptionnelle : des temp\u00e9ratures sup\u00e9rieures de 14\u00b0C d\u00e8s d\u00e9but avril"},{"@type":"BreadcrumbList","@id":"https:\/\/indochinapost.com\/fr\/la-france-connait-une-vague-de-chaleur-exceptionnelle-des-temperatures-superieures-de-14c-des-debut-avril\/#breadcrumb","itemListElement":[{"@type":"ListItem","position":1,"name":"Trang ch\u1ee7","item":"https:\/\/indochinapost.com\/fr\/"},{"@type":"ListItem","position":2,"name":"La France conna\u00eet une vague de chaleur exceptionnelle : des temp\u00e9ratures sup\u00e9rieures de 14\u00b0C d\u00e8s d\u00e9but avril"}]},{"@type":"WebSite","@id":"https:\/\/indochinapost.com\/fr\/#website","url":"https:\/\/indochinapost.com\/fr\/","name":"INDOCHINAPOST FRANCE","description":"","potentialAction":[{"@type":"SearchAction","target":{"@type":"EntryPoint","urlTemplate":"https:\/\/indochinapost.com\/fr\/?s={search_term_string}"},"query-input":{"@type":"PropertyValueSpecification","valueRequired":true,"valueName":"search_term_string"}}],"inLanguage":"vi"},{"@type":"Person","@id":"https:\/\/indochinapost.com\/fr\/#\/schema\/person\/10513f60cf1a782735c0300c17f624ce","name":"tts_hanoi","image":{"@type":"ImageObject","inLanguage":"vi","@id":"https:\/\/indochinapost.com\/fr\/#\/schema\/person\/image\/","url":"https:\/\/secure.gravatar.com\/avatar\/2289d79150e1e22d803f7e00e527a5a4d10cebbe749892e954f3747fe6f8415f?s=96&d=mm&r=g","contentUrl":"https:\/\/secure.gravatar.com\/avatar\/2289d79150e1e22d803f7e00e527a5a4d10cebbe749892e954f3747fe6f8415f?s=96&d=mm&r=g","caption":"tts_hanoi"},"url":"https:\/\/indochinapost.com\/fr\/author\/tts_hanoi\/"}]}},"_links":{"self":[{"href":"https:\/\/indochinapost.com\/fr\/wp-json\/wp\/v2\/posts\/710","targetHints":{"allow":["GET"]}}],"collection":[{"href":"https:\/\/indochinapost.com\/fr\/wp-json\/wp\/v2\/posts"}],"about":[{"href":"https:\/\/indochinapost.com\/fr\/wp-json\/wp\/v2\/types\/post"}],"author":[{"embeddable":true,"href":"https:\/\/indochinapost.com\/fr\/wp-json\/wp\/v2\/users\/3"}],"replies":[{"embeddable":true,"href":"https:\/\/indochinapost.com\/fr\/wp-json\/wp\/v2\/comments?post=710"}],"version-history":[{"count":2,"href":"https:\/\/indochinapost.com\/fr\/wp-json\/wp\/v2\/posts\/710\/revisions"}],"predecessor-version":[{"id":714,"href":"https:\/\/indochinapost.com\/fr\/wp-json\/wp\/v2\/posts\/710\/revisions\/714"}],"wp:featuredmedia":[{"embeddable":true,"href":"https:\/\/indochinapost.com\/fr\/wp-json\/wp\/v2\/media\/712"}],"wp:attachment":[{"href":"https:\/\/indochinapost.com\/fr\/wp-json\/wp\/v2\/media?parent=710"}],"wp:term":[{"taxonomy":"category","embeddable":true,"href":"https:\/\/indochinapost.com\/fr\/wp-json\/wp\/v2\/categories?post=710"},{"taxonomy":"post_tag","embeddable":true,"href":"https:\/\/indochinapost.com\/fr\/wp-json\/wp\/v2\/tags?post=710"}],"curies":[{"name":"wp","href":"https:\/\/api.w.org\/{rel}","templated":true}]}}