{"id":684,"date":"2026-04-07T04:29:24","date_gmt":"2026-04-07T04:29:24","guid":{"rendered":"https:\/\/indochinapost.com\/fr\/?p=684"},"modified":"2026-04-07T04:29:24","modified_gmt":"2026-04-07T04:29:24","slug":"limage-du-vietnam-mise-en-valeur-lors-du-defile-du-carnaval-de-chateaudun-en-france","status":"publish","type":"post","link":"https:\/\/indochinapost.com\/fr\/limage-du-vietnam-mise-en-valeur-lors-du-defile-du-carnaval-de-chateaudun-en-france\/","title":{"rendered":"L\u2019image du Vietnam mise en valeur lors du d\u00e9fil\u00e9 du Carnaval de Ch\u00e2teaudun en France"},"content":{"rendered":"\n\n<div class=\"kk-star-ratings kksr-auto kksr-align-left kksr-valign-top\"\n    data-payload='{&quot;align&quot;:&quot;left&quot;,&quot;id&quot;:&quot;684&quot;,&quot;slug&quot;:&quot;default&quot;,&quot;valign&quot;:&quot;top&quot;,&quot;ignore&quot;:&quot;&quot;,&quot;reference&quot;:&quot;auto&quot;,&quot;class&quot;:&quot;&quot;,&quot;count&quot;:&quot;0&quot;,&quot;legendonly&quot;:&quot;&quot;,&quot;readonly&quot;:&quot;&quot;,&quot;score&quot;:&quot;0&quot;,&quot;starsonly&quot;:&quot;&quot;,&quot;best&quot;:&quot;5&quot;,&quot;gap&quot;:&quot;5&quot;,&quot;greet&quot;:&quot;Rate this post&quot;,&quot;legend&quot;:&quot;0\\\/5 - (0 b\u00ecnh ch\u1ecdn)&quot;,&quot;size&quot;:&quot;24&quot;,&quot;title&quot;:&quot;L\u2019image du Vietnam mise en valeur lors du d\u00e9fil\u00e9 du Carnaval de Ch\u00e2teaudun en France&quot;,&quot;width&quot;:&quot;0&quot;,&quot;_legend&quot;:&quot;{score}\\\/{best} - ({count} {votes})&quot;,&quot;font_factor&quot;:&quot;1.25&quot;}'>\n            \n<div class=\"kksr-stars\">\n    \n<div class=\"kksr-stars-inactive\">\n            <div class=\"kksr-star\" data-star=\"1\" style=\"padding-right: 5px\">\n            \n\n<div class=\"kksr-icon\" style=\"width: 24px; height: 24px;\"><\/div>\n        <\/div>\n            <div class=\"kksr-star\" data-star=\"2\" style=\"padding-right: 5px\">\n            \n\n<div class=\"kksr-icon\" style=\"width: 24px; height: 24px;\"><\/div>\n        <\/div>\n            <div class=\"kksr-star\" data-star=\"3\" style=\"padding-right: 5px\">\n            \n\n<div class=\"kksr-icon\" style=\"width: 24px; height: 24px;\"><\/div>\n        <\/div>\n            <div class=\"kksr-star\" data-star=\"4\" style=\"padding-right: 5px\">\n            \n\n<div class=\"kksr-icon\" style=\"width: 24px; height: 24px;\"><\/div>\n        <\/div>\n            <div class=\"kksr-star\" data-star=\"5\" style=\"padding-right: 5px\">\n            \n\n<div class=\"kksr-icon\" style=\"width: 24px; height: 24px;\"><\/div>\n        <\/div>\n    <\/div>\n    \n<div class=\"kksr-stars-active\" style=\"width: 0px;\">\n            <div class=\"kksr-star\" style=\"padding-right: 5px\">\n            \n\n<div class=\"kksr-icon\" style=\"width: 24px; height: 24px;\"><\/div>\n        <\/div>\n            <div class=\"kksr-star\" style=\"padding-right: 5px\">\n            \n\n<div class=\"kksr-icon\" style=\"width: 24px; height: 24px;\"><\/div>\n        <\/div>\n            <div class=\"kksr-star\" style=\"padding-right: 5px\">\n            \n\n<div class=\"kksr-icon\" style=\"width: 24px; height: 24px;\"><\/div>\n        <\/div>\n            <div class=\"kksr-star\" style=\"padding-right: 5px\">\n            \n\n<div class=\"kksr-icon\" style=\"width: 24px; height: 24px;\"><\/div>\n        <\/div>\n            <div class=\"kksr-star\" style=\"padding-right: 5px\">\n            \n\n<div class=\"kksr-icon\" style=\"width: 24px; height: 24px;\"><\/div>\n        <\/div>\n    <\/div>\n<\/div>\n                \n\n<div class=\"kksr-legend\" style=\"font-size: 19.2px;\">\n            <span class=\"kksr-muted\">Rate this post<\/span>\n    <\/div>\n    <\/div>\n<h1 data-start=\"0\" data-end=\"87\">L\u2019image du Vietnam mise en valeur lors du d\u00e9fil\u00e9 du Carnaval de Ch\u00e2teaudun en France<\/h1>\n<p data-start=\"89\" data-end=\"424\"><strong data-start=\"89\" data-end=\"182\">L\u2019image du Vietnam au <span class=\"hover:entity-accent entity-underline inline cursor-pointer align-baseline\"><span class=\"whitespace-normal\">Carnaval Ch\u00e2teaudun<\/span><\/span> a laiss\u00e9 une forte impression<\/strong>, illustrant la richesse des \u00e9changes culturels entre le Vietnam et la <span class=\"hover:entity-accent entity-underline inline cursor-pointer align-baseline\"><span class=\"whitespace-normal\">France<\/span><\/span>. L\u2019\u00e9v\u00e9nement de cette ann\u00e9e a attir\u00e9 un large public et s\u2019est distingu\u00e9 par la participation dynamique de la communaut\u00e9 vietnamienne.<\/p>\n<figure id=\"attachment_685\" aria-describedby=\"caption-attachment-685\" style=\"width: 973px\" class=\"wp-caption alignleft\"><img loading=\"lazy\" decoding=\"async\" class=\" wp-image-685\" src=\"https:\/\/indochinapost.com\/fr\/wp-content\/uploads\/2026\/04\/Anh-chup-man-hinh-2026-04-07-112619.png\" alt=\"L\u2019image du Vietnam mise en valeur lors du d\u00e9fil\u00e9 du Carnaval de Ch\u00e2teaudun en France\" width=\"973\" height=\"575\" srcset=\"https:\/\/indochinapost.com\/fr\/wp-content\/uploads\/2026\/04\/Anh-chup-man-hinh-2026-04-07-112619.png 826w, https:\/\/indochinapost.com\/fr\/wp-content\/uploads\/2026\/04\/Anh-chup-man-hinh-2026-04-07-112619-300x177.png 300w, https:\/\/indochinapost.com\/fr\/wp-content\/uploads\/2026\/04\/Anh-chup-man-hinh-2026-04-07-112619-768x454.png 768w\" sizes=\"auto, (max-width: 973px) 100vw, 973px\" \/><figcaption id=\"caption-attachment-685\" class=\"wp-caption-text\">L\u2019image du Vietnam mise en valeur lors du d\u00e9fil\u00e9 du Carnaval de Ch\u00e2teaudun en France<\/figcaption><\/figure>\n<h3 data-start=\"431\" data-end=\"479\">Une communaut\u00e9 vietnamienne tr\u00e8s active<\/h3>\n<p data-start=\"481\" data-end=\"691\">Le d\u00e9fil\u00e9 a r\u00e9uni plus de 20 associations, dont l\u2019<span class=\"hover:entity-accent entity-underline inline cursor-pointer align-baseline\"><span class=\"whitespace-normal\">Association d\u2019amiti\u00e9 France \u2013 Vietnam Eure-et-Loir<\/span><\/span>, avec de nombreuses activit\u00e9s : parade, spectacles artistiques, d\u00e9fil\u00e9s de mode traditionnelle et animations en plein air.<\/p>\n<p data-start=\"693\" data-end=\"841\">La pr\u00e9sence des associations vietnamiennes a apport\u00e9 une touche originale, contribuant \u00e0 faire d\u00e9couvrir la culture vietnamienne au public europ\u00e9en.<\/p>\n<h3 data-start=\"848\" data-end=\"894\">Des performances artistiques remarqu\u00e9es<\/h3>\n<p data-start=\"896\" data-end=\"1127\">Parmi les temps forts, la troupe chorale de la communaut\u00e9 vietnamienne a captiv\u00e9 le public avec la pi\u00e8ce <strong data-start=\"1001\" data-end=\"1038\">\u00ab Rencontre entre ciel et terre \u00bb<\/strong>, inspir\u00e9e des l\u00e9gendes vietnamiennes et enrichie d\u2019\u00e9l\u00e9ments humoristiques contemporains.<\/p>\n<p data-start=\"1129\" data-end=\"1319\">En parall\u00e8le, les d\u00e9monstrations d\u2019arts martiaux du club S\u01a1n Long Quy\u1ec1n Thu\u1eadt ont impressionn\u00e9 par leur puissance et leur pr\u00e9cision, refl\u00e9tant l\u2019esprit et la r\u00e9silience du peuple vietnamien.<\/p>\n<h3 data-start=\"1326\" data-end=\"1376\">Mise en valeur des traditions vietnamiennes<\/h3>\n<p data-start=\"1378\" data-end=\"1626\">L\u2019association Nam Ph\u01b0\u01a1ng a pr\u00e9sent\u00e9 un d\u00e9fil\u00e9 de costumes traditionnels, mettant en sc\u00e8ne les figures mythiques d\u2019<strong data-start=\"1492\" data-end=\"1518\">\u00c2u C\u01a1 et L\u1ea1c Long Qu\u00e2n<\/strong>, ainsi que des cr\u00e9ations inspir\u00e9es des costumes imp\u00e9riaux de Hu\u00e9, orn\u00e9es de motifs de dragons et de ph\u00e9nix.<\/p>\n<p data-start=\"1628\" data-end=\"1737\">Ces tenues ont permis de transmettre la richesse historique et culturelle du Vietnam au public international.<\/p>\n<figure id=\"attachment_686\" aria-describedby=\"caption-attachment-686\" style=\"width: 985px\" class=\"wp-caption alignleft\"><img loading=\"lazy\" decoding=\"async\" class=\" wp-image-686\" src=\"https:\/\/indochinapost.com\/fr\/wp-content\/uploads\/2026\/04\/Anh-chup-man-hinh-2026-04-07-112815.png\" alt=\"L\u2019image du Vietnam mise en valeur lors du d\u00e9fil\u00e9 du Carnaval de Ch\u00e2teaudun en France\" width=\"985\" height=\"588\" srcset=\"https:\/\/indochinapost.com\/fr\/wp-content\/uploads\/2026\/04\/Anh-chup-man-hinh-2026-04-07-112815.png 824w, https:\/\/indochinapost.com\/fr\/wp-content\/uploads\/2026\/04\/Anh-chup-man-hinh-2026-04-07-112815-300x179.png 300w, https:\/\/indochinapost.com\/fr\/wp-content\/uploads\/2026\/04\/Anh-chup-man-hinh-2026-04-07-112815-768x459.png 768w\" sizes=\"auto, (max-width: 985px) 100vw, 985px\" \/><figcaption id=\"caption-attachment-686\" class=\"wp-caption-text\">L\u2019image du Vietnam mise en valeur lors du d\u00e9fil\u00e9 du Carnaval de Ch\u00e2teaudun en France<\/figcaption><\/figure>\n<h3 data-start=\"1744\" data-end=\"1785\">Une v\u00e9ritable rencontre culturelle<\/h3>\n<p data-start=\"1787\" data-end=\"1949\">Selon les organisateurs, la combinaison du th\u00e8me \u00ab Monde f\u00e9erique \u00bb du carnaval avec les \u00e9l\u00e9ments culturels vietnamiens a cr\u00e9\u00e9 une atmosph\u00e8re riche et symbolique.<\/p>\n<p data-start=\"1951\" data-end=\"2074\">Cet \u00e9v\u00e9nement a \u00e9t\u00e9 une occasion unique de favoriser le dialogue interculturel et de renforcer les liens entre les peuples.<\/p>\n<h3 data-start=\"2081\" data-end=\"2112\">Une port\u00e9e significative<\/h3>\n<ul data-start=\"2288\" data-end=\"2442\">\n<li data-start=\"2288\" data-end=\"2336\">promouvoir la culture vietnamienne en Europe<\/li>\n<li data-start=\"2337\" data-end=\"2389\">renforcer l\u2019amiti\u00e9 entre le Vietnam et la France<\/li>\n<li data-start=\"2390\" data-end=\"2442\">encourager les \u00e9changes culturels internationaux<\/li>\n<\/ul>\n<p>La pr\u00e9sence remarquable du Vietnam au Carnaval de Ch\u00e2teaudun t\u00e9moigne de l\u2019int\u00e9gration dynamique de la communaut\u00e9 vietnamienne en Europe. Elle illustre \u00e9galement leur r\u00f4le essentiel dans la pr\u00e9servation et la diffusion de l\u2019identit\u00e9 culturelle vietnamienne \u00e0 l\u2019\u00e9chelle internationale.<\/p>\n","protected":false},"excerpt":{"rendered":"<p>L\u2019image du Vietnam mise en valeur lors du d\u00e9fil\u00e9 du Carnaval de Ch\u00e2teaudun en France L\u2019image du Vietnam au Carnaval Ch\u00e2teaudun a laiss\u00e9 une forte impression, illustrant la richesse des \u00e9changes culturels entre le Vietnam et la France. L\u2019\u00e9v\u00e9nement de cette ann\u00e9e a attir\u00e9 un large public et s\u2019est distingu\u00e9 par la participation dynamique de [&#8230;]\n","protected":false},"author":3,"featured_media":0,"comment_status":"open","ping_status":"open","sticky":false,"template":"","format":"standard","meta":{"footnotes":""},"categories":[1],"tags":[],"class_list":["post-684","post","type-post","status-publish","format-standard","hentry","category-chua-phan-loai"],"acf":[],"yoast_head":"<!-- This site is optimized with the Yoast SEO Premium plugin v20.13 (Yoast SEO v24.9) - https:\/\/yoast.com\/wordpress\/plugins\/seo\/ -->\n<title>L\u2019image du Vietnam mise en valeur lors du d\u00e9fil\u00e9 du Carnaval<\/title>\n<meta name=\"description\" content=\"L\u2019image du Vietnam au Carnaval Ch\u00e2teaudun a laiss\u00e9 une forte impression, illustrant la richesse des \u00e9changes culturels entre...\" \/>\n<meta name=\"robots\" content=\"index, follow, max-snippet:-1, max-image-preview:large, max-video-preview:-1\" \/>\n<link rel=\"canonical\" href=\"https:\/\/indochinapost.com\/fr\/limage-du-vietnam-mise-en-valeur-lors-du-defile-du-carnaval-de-chateaudun-en-france\/\" \/>\n<meta property=\"og:locale\" content=\"vi_VN\" \/>\n<meta property=\"og:type\" content=\"article\" \/>\n<meta property=\"og:title\" content=\"L\u2019image du Vietnam mise en valeur lors du d\u00e9fil\u00e9 du Carnaval de Ch\u00e2teaudun en France\" \/>\n<meta property=\"og:description\" content=\"L\u2019image du Vietnam au Carnaval Ch\u00e2teaudun a laiss\u00e9 une forte impression, illustrant la richesse des \u00e9changes culturels entre...\" \/>\n<meta property=\"og:url\" content=\"https:\/\/indochinapost.com\/fr\/limage-du-vietnam-mise-en-valeur-lors-du-defile-du-carnaval-de-chateaudun-en-france\/\" \/>\n<meta property=\"og:site_name\" content=\"INDOCHINAPOST FRANCE\" \/>\n<meta property=\"article:published_time\" content=\"2026-04-07T04:29:24+00:00\" \/>\n<meta property=\"og:image\" content=\"https:\/\/indochinapost.com\/fr\/wp-content\/uploads\/2026\/04\/Anh-chup-man-hinh-2026-04-07-112619.png\" \/>\n\t<meta property=\"og:image:width\" content=\"826\" \/>\n\t<meta property=\"og:image:height\" content=\"488\" \/>\n\t<meta property=\"og:image:type\" content=\"image\/png\" \/>\n<meta name=\"author\" content=\"tts_hanoi\" \/>\n<meta name=\"twitter:card\" content=\"summary_large_image\" \/>\n<meta name=\"twitter:label1\" content=\"\u0110\u01b0\u1ee3c vi\u1ebft b\u1edfi\" \/>\n\t<meta name=\"twitter:data1\" content=\"tts_hanoi\" \/>\n\t<meta name=\"twitter:label2\" content=\"\u01af\u1edbc t\u00ednh th\u1eddi gian \u0111\u1ecdc\" \/>\n\t<meta name=\"twitter:data2\" content=\"3 ph\u00fat\" \/>\n<script type=\"application\/ld+json\" class=\"yoast-schema-graph\">{\"@context\":\"https:\/\/schema.org\",\"@graph\":[{\"@type\":\"WebPage\",\"@id\":\"https:\/\/indochinapost.com\/fr\/limage-du-vietnam-mise-en-valeur-lors-du-defile-du-carnaval-de-chateaudun-en-france\/\",\"url\":\"https:\/\/indochinapost.com\/fr\/limage-du-vietnam-mise-en-valeur-lors-du-defile-du-carnaval-de-chateaudun-en-france\/\",\"name\":\"L\u2019image du Vietnam mise en valeur lors du d\u00e9fil\u00e9 du Carnaval\",\"isPartOf\":{\"@id\":\"https:\/\/indochinapost.com\/fr\/#website\"},\"primaryImageOfPage\":{\"@id\":\"https:\/\/indochinapost.com\/fr\/limage-du-vietnam-mise-en-valeur-lors-du-defile-du-carnaval-de-chateaudun-en-france\/#primaryimage\"},\"image\":{\"@id\":\"https:\/\/indochinapost.com\/fr\/limage-du-vietnam-mise-en-valeur-lors-du-defile-du-carnaval-de-chateaudun-en-france\/#primaryimage\"},\"thumbnailUrl\":\"https:\/\/indochinapost.com\/fr\/wp-content\/uploads\/2026\/04\/Anh-chup-man-hinh-2026-04-07-112619.png\",\"datePublished\":\"2026-04-07T04:29:24+00:00\",\"author\":{\"@id\":\"https:\/\/indochinapost.com\/fr\/#\/schema\/person\/10513f60cf1a782735c0300c17f624ce\"},\"description\":\"L\u2019image du Vietnam au Carnaval Ch\u00e2teaudun a laiss\u00e9 une forte impression, illustrant la richesse des \u00e9changes culturels entre...\",\"breadcrumb\":{\"@id\":\"https:\/\/indochinapost.com\/fr\/limage-du-vietnam-mise-en-valeur-lors-du-defile-du-carnaval-de-chateaudun-en-france\/#breadcrumb\"},\"inLanguage\":\"vi\",\"potentialAction\":[{\"@type\":\"ReadAction\",\"target\":[\"https:\/\/indochinapost.com\/fr\/limage-du-vietnam-mise-en-valeur-lors-du-defile-du-carnaval-de-chateaudun-en-france\/\"]}]},{\"@type\":\"ImageObject\",\"inLanguage\":\"vi\",\"@id\":\"https:\/\/indochinapost.com\/fr\/limage-du-vietnam-mise-en-valeur-lors-du-defile-du-carnaval-de-chateaudun-en-france\/#primaryimage\",\"url\":\"https:\/\/indochinapost.com\/fr\/wp-content\/uploads\/2026\/04\/Anh-chup-man-hinh-2026-04-07-112619.png\",\"contentUrl\":\"https:\/\/indochinapost.com\/fr\/wp-content\/uploads\/2026\/04\/Anh-chup-man-hinh-2026-04-07-112619.png\",\"width\":826,\"height\":488,\"caption\":\"L\u2019image du Vietnam mise en valeur lors du d\u00e9fil\u00e9 du Carnaval de Ch\u00e2teaudun en France\"},{\"@type\":\"BreadcrumbList\",\"@id\":\"https:\/\/indochinapost.com\/fr\/limage-du-vietnam-mise-en-valeur-lors-du-defile-du-carnaval-de-chateaudun-en-france\/#breadcrumb\",\"itemListElement\":[{\"@type\":\"ListItem\",\"position\":1,\"name\":\"Trang ch\u1ee7\",\"item\":\"https:\/\/indochinapost.com\/fr\/\"},{\"@type\":\"ListItem\",\"position\":2,\"name\":\"L\u2019image du Vietnam mise en valeur lors du d\u00e9fil\u00e9 du Carnaval de Ch\u00e2teaudun en France\"}]},{\"@type\":\"WebSite\",\"@id\":\"https:\/\/indochinapost.com\/fr\/#website\",\"url\":\"https:\/\/indochinapost.com\/fr\/\",\"name\":\"INDOCHINAPOST FRANCE\",\"description\":\"\",\"potentialAction\":[{\"@type\":\"SearchAction\",\"target\":{\"@type\":\"EntryPoint\",\"urlTemplate\":\"https:\/\/indochinapost.com\/fr\/?s={search_term_string}\"},\"query-input\":{\"@type\":\"PropertyValueSpecification\",\"valueRequired\":true,\"valueName\":\"search_term_string\"}}],\"inLanguage\":\"vi\"},{\"@type\":\"Person\",\"@id\":\"https:\/\/indochinapost.com\/fr\/#\/schema\/person\/10513f60cf1a782735c0300c17f624ce\",\"name\":\"tts_hanoi\",\"image\":{\"@type\":\"ImageObject\",\"inLanguage\":\"vi\",\"@id\":\"https:\/\/indochinapost.com\/fr\/#\/schema\/person\/image\/\",\"url\":\"https:\/\/secure.gravatar.com\/avatar\/2289d79150e1e22d803f7e00e527a5a4d10cebbe749892e954f3747fe6f8415f?s=96&d=mm&r=g\",\"contentUrl\":\"https:\/\/secure.gravatar.com\/avatar\/2289d79150e1e22d803f7e00e527a5a4d10cebbe749892e954f3747fe6f8415f?s=96&d=mm&r=g\",\"caption\":\"tts_hanoi\"},\"url\":\"https:\/\/indochinapost.com\/fr\/author\/tts_hanoi\/\"}]}<\/script>\n<!-- \/ Yoast SEO Premium plugin. -->","yoast_head_json":{"title":"L\u2019image du Vietnam mise en valeur lors du d\u00e9fil\u00e9 du Carnaval","description":"L\u2019image du Vietnam au Carnaval Ch\u00e2teaudun a laiss\u00e9 une forte impression, illustrant la richesse des \u00e9changes culturels entre...","robots":{"index":"index","follow":"follow","max-snippet":"max-snippet:-1","max-image-preview":"max-image-preview:large","max-video-preview":"max-video-preview:-1"},"canonical":"https:\/\/indochinapost.com\/fr\/limage-du-vietnam-mise-en-valeur-lors-du-defile-du-carnaval-de-chateaudun-en-france\/","og_locale":"vi_VN","og_type":"article","og_title":"L\u2019image du Vietnam mise en valeur lors du d\u00e9fil\u00e9 du Carnaval de Ch\u00e2teaudun en France","og_description":"L\u2019image du Vietnam au Carnaval Ch\u00e2teaudun a laiss\u00e9 une forte impression, illustrant la richesse des \u00e9changes culturels entre...","og_url":"https:\/\/indochinapost.com\/fr\/limage-du-vietnam-mise-en-valeur-lors-du-defile-du-carnaval-de-chateaudun-en-france\/","og_site_name":"INDOCHINAPOST FRANCE","article_published_time":"2026-04-07T04:29:24+00:00","og_image":[{"width":826,"height":488,"url":"https:\/\/indochinapost.com\/fr\/wp-content\/uploads\/2026\/04\/Anh-chup-man-hinh-2026-04-07-112619.png","type":"image\/png"}],"author":"tts_hanoi","twitter_card":"summary_large_image","twitter_misc":{"\u0110\u01b0\u1ee3c vi\u1ebft b\u1edfi":"tts_hanoi","\u01af\u1edbc t\u00ednh th\u1eddi gian \u0111\u1ecdc":"3 ph\u00fat"},"schema":{"@context":"https:\/\/schema.org","@graph":[{"@type":"WebPage","@id":"https:\/\/indochinapost.com\/fr\/limage-du-vietnam-mise-en-valeur-lors-du-defile-du-carnaval-de-chateaudun-en-france\/","url":"https:\/\/indochinapost.com\/fr\/limage-du-vietnam-mise-en-valeur-lors-du-defile-du-carnaval-de-chateaudun-en-france\/","name":"L\u2019image du Vietnam mise en valeur lors du d\u00e9fil\u00e9 du Carnaval","isPartOf":{"@id":"https:\/\/indochinapost.com\/fr\/#website"},"primaryImageOfPage":{"@id":"https:\/\/indochinapost.com\/fr\/limage-du-vietnam-mise-en-valeur-lors-du-defile-du-carnaval-de-chateaudun-en-france\/#primaryimage"},"image":{"@id":"https:\/\/indochinapost.com\/fr\/limage-du-vietnam-mise-en-valeur-lors-du-defile-du-carnaval-de-chateaudun-en-france\/#primaryimage"},"thumbnailUrl":"https:\/\/indochinapost.com\/fr\/wp-content\/uploads\/2026\/04\/Anh-chup-man-hinh-2026-04-07-112619.png","datePublished":"2026-04-07T04:29:24+00:00","author":{"@id":"https:\/\/indochinapost.com\/fr\/#\/schema\/person\/10513f60cf1a782735c0300c17f624ce"},"description":"L\u2019image du Vietnam au Carnaval Ch\u00e2teaudun a laiss\u00e9 une forte impression, illustrant la richesse des \u00e9changes culturels entre...","breadcrumb":{"@id":"https:\/\/indochinapost.com\/fr\/limage-du-vietnam-mise-en-valeur-lors-du-defile-du-carnaval-de-chateaudun-en-france\/#breadcrumb"},"inLanguage":"vi","potentialAction":[{"@type":"ReadAction","target":["https:\/\/indochinapost.com\/fr\/limage-du-vietnam-mise-en-valeur-lors-du-defile-du-carnaval-de-chateaudun-en-france\/"]}]},{"@type":"ImageObject","inLanguage":"vi","@id":"https:\/\/indochinapost.com\/fr\/limage-du-vietnam-mise-en-valeur-lors-du-defile-du-carnaval-de-chateaudun-en-france\/#primaryimage","url":"https:\/\/indochinapost.com\/fr\/wp-content\/uploads\/2026\/04\/Anh-chup-man-hinh-2026-04-07-112619.png","contentUrl":"https:\/\/indochinapost.com\/fr\/wp-content\/uploads\/2026\/04\/Anh-chup-man-hinh-2026-04-07-112619.png","width":826,"height":488,"caption":"L\u2019image du Vietnam mise en valeur lors du d\u00e9fil\u00e9 du Carnaval de Ch\u00e2teaudun en France"},{"@type":"BreadcrumbList","@id":"https:\/\/indochinapost.com\/fr\/limage-du-vietnam-mise-en-valeur-lors-du-defile-du-carnaval-de-chateaudun-en-france\/#breadcrumb","itemListElement":[{"@type":"ListItem","position":1,"name":"Trang ch\u1ee7","item":"https:\/\/indochinapost.com\/fr\/"},{"@type":"ListItem","position":2,"name":"L\u2019image du Vietnam mise en valeur lors du d\u00e9fil\u00e9 du Carnaval de Ch\u00e2teaudun en France"}]},{"@type":"WebSite","@id":"https:\/\/indochinapost.com\/fr\/#website","url":"https:\/\/indochinapost.com\/fr\/","name":"INDOCHINAPOST FRANCE","description":"","potentialAction":[{"@type":"SearchAction","target":{"@type":"EntryPoint","urlTemplate":"https:\/\/indochinapost.com\/fr\/?s={search_term_string}"},"query-input":{"@type":"PropertyValueSpecification","valueRequired":true,"valueName":"search_term_string"}}],"inLanguage":"vi"},{"@type":"Person","@id":"https:\/\/indochinapost.com\/fr\/#\/schema\/person\/10513f60cf1a782735c0300c17f624ce","name":"tts_hanoi","image":{"@type":"ImageObject","inLanguage":"vi","@id":"https:\/\/indochinapost.com\/fr\/#\/schema\/person\/image\/","url":"https:\/\/secure.gravatar.com\/avatar\/2289d79150e1e22d803f7e00e527a5a4d10cebbe749892e954f3747fe6f8415f?s=96&d=mm&r=g","contentUrl":"https:\/\/secure.gravatar.com\/avatar\/2289d79150e1e22d803f7e00e527a5a4d10cebbe749892e954f3747fe6f8415f?s=96&d=mm&r=g","caption":"tts_hanoi"},"url":"https:\/\/indochinapost.com\/fr\/author\/tts_hanoi\/"}]}},"_links":{"self":[{"href":"https:\/\/indochinapost.com\/fr\/wp-json\/wp\/v2\/posts\/684","targetHints":{"allow":["GET"]}}],"collection":[{"href":"https:\/\/indochinapost.com\/fr\/wp-json\/wp\/v2\/posts"}],"about":[{"href":"https:\/\/indochinapost.com\/fr\/wp-json\/wp\/v2\/types\/post"}],"author":[{"embeddable":true,"href":"https:\/\/indochinapost.com\/fr\/wp-json\/wp\/v2\/users\/3"}],"replies":[{"embeddable":true,"href":"https:\/\/indochinapost.com\/fr\/wp-json\/wp\/v2\/comments?post=684"}],"version-history":[{"count":1,"href":"https:\/\/indochinapost.com\/fr\/wp-json\/wp\/v2\/posts\/684\/revisions"}],"predecessor-version":[{"id":687,"href":"https:\/\/indochinapost.com\/fr\/wp-json\/wp\/v2\/posts\/684\/revisions\/687"}],"wp:attachment":[{"href":"https:\/\/indochinapost.com\/fr\/wp-json\/wp\/v2\/media?parent=684"}],"wp:term":[{"taxonomy":"category","embeddable":true,"href":"https:\/\/indochinapost.com\/fr\/wp-json\/wp\/v2\/categories?post=684"},{"taxonomy":"post_tag","embeddable":true,"href":"https:\/\/indochinapost.com\/fr\/wp-json\/wp\/v2\/tags?post=684"}],"curies":[{"name":"wp","href":"https:\/\/api.w.org\/{rel}","templated":true}]}}