{"id":662,"date":"2026-04-03T08:27:05","date_gmt":"2026-04-03T08:27:05","guid":{"rendered":"https:\/\/indochinapost.com\/fr\/?p=662"},"modified":"2026-04-03T08:27:05","modified_gmt":"2026-04-03T08:27:05","slug":"la-france-face-a-la-montee-du-racisme-renforcement-de-la-securite-et-du-cadre-juridique","status":"publish","type":"post","link":"https:\/\/indochinapost.com\/fr\/la-france-face-a-la-montee-du-racisme-renforcement-de-la-securite-et-du-cadre-juridique\/","title":{"rendered":"La France face \u00e0 la mont\u00e9e du racisme : renforcement de la s\u00e9curit\u00e9 et du cadre juridique"},"content":{"rendered":"\n\n<div class=\"kk-star-ratings kksr-auto kksr-align-left kksr-valign-top\"\n    data-payload='{&quot;align&quot;:&quot;left&quot;,&quot;id&quot;:&quot;662&quot;,&quot;slug&quot;:&quot;default&quot;,&quot;valign&quot;:&quot;top&quot;,&quot;ignore&quot;:&quot;&quot;,&quot;reference&quot;:&quot;auto&quot;,&quot;class&quot;:&quot;&quot;,&quot;count&quot;:&quot;0&quot;,&quot;legendonly&quot;:&quot;&quot;,&quot;readonly&quot;:&quot;&quot;,&quot;score&quot;:&quot;0&quot;,&quot;starsonly&quot;:&quot;&quot;,&quot;best&quot;:&quot;5&quot;,&quot;gap&quot;:&quot;5&quot;,&quot;greet&quot;:&quot;Rate this post&quot;,&quot;legend&quot;:&quot;0\\\/5 - (0 b\u00ecnh ch\u1ecdn)&quot;,&quot;size&quot;:&quot;24&quot;,&quot;title&quot;:&quot;La France face \u00e0 la mont\u00e9e du racisme : renforcement de la s\u00e9curit\u00e9 et du cadre juridique&quot;,&quot;width&quot;:&quot;0&quot;,&quot;_legend&quot;:&quot;{score}\\\/{best} - ({count} {votes})&quot;,&quot;font_factor&quot;:&quot;1.25&quot;}'>\n            \n<div class=\"kksr-stars\">\n    \n<div class=\"kksr-stars-inactive\">\n            <div class=\"kksr-star\" data-star=\"1\" style=\"padding-right: 5px\">\n            \n\n<div class=\"kksr-icon\" style=\"width: 24px; height: 24px;\"><\/div>\n        <\/div>\n            <div class=\"kksr-star\" data-star=\"2\" style=\"padding-right: 5px\">\n            \n\n<div class=\"kksr-icon\" style=\"width: 24px; height: 24px;\"><\/div>\n        <\/div>\n            <div class=\"kksr-star\" data-star=\"3\" style=\"padding-right: 5px\">\n            \n\n<div class=\"kksr-icon\" style=\"width: 24px; height: 24px;\"><\/div>\n        <\/div>\n            <div class=\"kksr-star\" data-star=\"4\" style=\"padding-right: 5px\">\n            \n\n<div class=\"kksr-icon\" style=\"width: 24px; height: 24px;\"><\/div>\n        <\/div>\n            <div class=\"kksr-star\" data-star=\"5\" style=\"padding-right: 5px\">\n            \n\n<div class=\"kksr-icon\" style=\"width: 24px; height: 24px;\"><\/div>\n        <\/div>\n    <\/div>\n    \n<div class=\"kksr-stars-active\" style=\"width: 0px;\">\n            <div class=\"kksr-star\" style=\"padding-right: 5px\">\n            \n\n<div class=\"kksr-icon\" style=\"width: 24px; height: 24px;\"><\/div>\n        <\/div>\n            <div class=\"kksr-star\" style=\"padding-right: 5px\">\n            \n\n<div class=\"kksr-icon\" style=\"width: 24px; height: 24px;\"><\/div>\n        <\/div>\n            <div class=\"kksr-star\" style=\"padding-right: 5px\">\n            \n\n<div class=\"kksr-icon\" style=\"width: 24px; height: 24px;\"><\/div>\n        <\/div>\n            <div class=\"kksr-star\" style=\"padding-right: 5px\">\n            \n\n<div class=\"kksr-icon\" style=\"width: 24px; height: 24px;\"><\/div>\n        <\/div>\n            <div class=\"kksr-star\" style=\"padding-right: 5px\">\n            \n\n<div class=\"kksr-icon\" style=\"width: 24px; height: 24px;\"><\/div>\n        <\/div>\n    <\/div>\n<\/div>\n                \n\n<div class=\"kksr-legend\" style=\"font-size: 19.2px;\">\n            <span class=\"kksr-muted\">Rate this post<\/span>\n    <\/div>\n    <\/div>\n<h1>La France face \u00e0 la mont\u00e9e du racisme : renforcement de la s\u00e9curit\u00e9 et du cadre juridique<\/h1>\n<p data-start=\"176\" data-end=\"358\"><strong data-start=\"176\" data-end=\"210\">La mont\u00e9e du racisme en France<\/strong> suscite de vives inqui\u00e9tudes, poussant les autorit\u00e9s \u00e0 prendre des mesures fermes pour garantir la s\u00e9curit\u00e9 et prot\u00e9ger les communaut\u00e9s minoritaires.<\/p>\n<figure id=\"attachment_663\" aria-describedby=\"caption-attachment-663\" style=\"width: 1007px\" class=\"wp-caption alignleft\"><img loading=\"lazy\" decoding=\"async\" class=\" wp-image-663\" src=\"https:\/\/indochinapost.com\/fr\/wp-content\/uploads\/2026\/04\/phap-030426-1.jpg\" alt=\"La France face \u00e0 la mont\u00e9e du racisme : renforcement de la s\u00e9curit\u00e9 et du cadre juridique\" width=\"1007\" height=\"641\" srcset=\"https:\/\/indochinapost.com\/fr\/wp-content\/uploads\/2026\/04\/phap-030426-1.jpg 665w, https:\/\/indochinapost.com\/fr\/wp-content\/uploads\/2026\/04\/phap-030426-1-300x191.jpg 300w\" sizes=\"auto, (max-width: 1007px) 100vw, 1007px\" \/><figcaption id=\"caption-attachment-663\" class=\"wp-caption-text\">La France face \u00e0 la mont\u00e9e du racisme : renforcement de la s\u00e9curit\u00e9 et du cadre juridique<\/figcaption><\/figure>\n<h2 data-start=\"360\" data-end=\"428\">Interdiction d\u2019un rassemblement musulman pour raisons de s\u00e9curit\u00e9<\/h2>\n<p data-start=\"430\" data-end=\"626\">Le 3 avril, la police de <strong data-start=\"455\" data-end=\"496\"><span class=\"hover:entity-accent entity-underline inline cursor-pointer align-baseline\"><span class=\"whitespace-normal\">Paris<\/span><\/span><\/strong> a interdit le rassemblement annuel de la communaut\u00e9 musulmane pr\u00e9vu au <strong data-start=\"568\" data-end=\"609\"><span class=\"hover:entity-accent entity-underline inline cursor-pointer align-baseline\"><span class=\"whitespace-normal\">Le Bourget<\/span><\/span><\/strong> du 4 au 6 avril.<\/p>\n<p data-start=\"628\" data-end=\"922\">Selon les autorit\u00e9s, cet \u00e9v\u00e9nement faisait face \u00e0 une menace terroriste s\u00e9rieuse, notamment de la part de groupes d\u2019extr\u00eame droite. Cette d\u00e9cision intervient apr\u00e8s une tentative d\u2019attentat \u00e0 la bombe visant une banque am\u00e9ricaine \u00e0 Paris, soulignant la gravit\u00e9 des risques s\u00e9curitaires internes.<\/p>\n<h2 data-start=\"924\" data-end=\"978\">Un projet de loi contre l\u2019extr\u00e9misme en pr\u00e9paration<\/h2>\n<p data-start=\"980\" data-end=\"1161\">Dans ce contexte, le minist\u00e8re fran\u00e7ais de l\u2019Int\u00e9rieur pr\u00e9pare un projet de loi destin\u00e9 \u00e0 emp\u00eacher l\u2019infiltration d\u2019\u00e9l\u00e9ments islamistes radicaux au sein des communaut\u00e9s religieuses.<\/p>\n<p data-start=\"1163\" data-end=\"1393\">Ce texte devrait \u00eatre pr\u00e9sent\u00e9 au Conseil des ministres du pr\u00e9sident <strong data-start=\"1232\" data-end=\"1273\"><span class=\"hover:entity-accent entity-underline inline cursor-pointer align-baseline\"><span class=\"whitespace-normal\">Emmanuel Macron<\/span><\/span><\/strong> d\u2019ici la fin du mois. Il constitue une \u00e9tape cl\u00e9 pour renforcer la s\u00e9curit\u00e9 nationale et pr\u00e9server la coh\u00e9sion sociale.<\/p>\n<h2 data-start=\"1395\" data-end=\"1436\">Alerte sur la recrudescence du racisme<\/h2>\n<p data-start=\"1438\" data-end=\"1595\">Le m\u00eame jour, <strong data-start=\"1452\" data-end=\"1493\"><span class=\"hover:entity-accent entity-underline inline cursor-pointer align-baseline\"><span class=\"whitespace-normal\">Bally Bagayoko<\/span><\/span><\/strong>, maire de <strong data-start=\"1504\" data-end=\"1545\"><span class=\"hover:entity-accent entity-underline inline cursor-pointer align-baseline\"><span class=\"whitespace-normal\">Saint-Denis<\/span><\/span><\/strong>, a alert\u00e9 sur l\u2019aggravation du racisme en France.<\/p>\n<p data-start=\"1597\" data-end=\"1615\">Il a d\u00e9clar\u00e9 que :<\/p>\n<ul data-start=\"1616\" data-end=\"1767\">\n<li data-start=\"1616\" data-end=\"1674\">Les actes racistes deviennent de plus en plus visibles<\/li>\n<li data-start=\"1675\" data-end=\"1718\">Le contr\u00f4le juridique reste insuffisant<\/li>\n<li data-start=\"1719\" data-end=\"1767\">Les discours discriminatoires se multiplient<\/li>\n<\/ul>\n<p data-start=\"1769\" data-end=\"1922\">M. Bagayoko a \u00e9galement port\u00e9 plainte contre la cha\u00eene <strong data-start=\"1824\" data-end=\"1865\"><span class=\"hover:entity-accent entity-underline inline cursor-pointer align-baseline\"><span class=\"whitespace-normal\">CNews<\/span><\/span><\/strong>, accus\u00e9e d\u2019avoir diffus\u00e9 des propos \u00e0 caract\u00e8re raciste.<\/p>\n<figure id=\"attachment_664\" aria-describedby=\"caption-attachment-664\" style=\"width: 969px\" class=\"wp-caption alignleft\"><img loading=\"lazy\" decoding=\"async\" class=\" wp-image-664\" src=\"https:\/\/indochinapost.com\/fr\/wp-content\/uploads\/2026\/04\/tai-xuong.jpg\" alt=\"La France face \u00e0 la mont\u00e9e du racisme : renforcement de la s\u00e9curit\u00e9 et du cadre juridique\" width=\"969\" height=\"645\" \/><figcaption id=\"caption-attachment-664\" class=\"wp-caption-text\">La France face \u00e0 la mont\u00e9e du racisme : renforcement de la s\u00e9curit\u00e9 et du cadre juridique<\/figcaption><\/figure>\n<h2 data-start=\"1924\" data-end=\"1968\">Enqu\u00eates en cours et r\u00e9actions politiques<\/h2>\n<p data-start=\"1970\" data-end=\"2072\">Le parquet de Paris a ouvert une enqu\u00eate concernant des propos \u00e0 caract\u00e8re raciste diffus\u00e9s sur CNews.<\/p>\n<p data-start=\"2074\" data-end=\"2261\">Par ailleurs, plusieurs d\u00e9put\u00e9s issus de la diversit\u00e9 appartenant au parti <strong data-start=\"2149\" data-end=\"2190\"><span class=\"hover:entity-accent entity-underline inline cursor-pointer align-baseline\"><span class=\"whitespace-normal\">La France Insoumise<\/span><\/span><\/strong> (LFI) ont re\u00e7u des courriers anonymes contenant des insultes racistes.<\/p>\n<p data-start=\"2263\" data-end=\"2422\">Le Premier ministre <strong data-start=\"2283\" data-end=\"2324\"><span class=\"hover:entity-accent entity-underline inline cursor-pointer align-baseline\"><span class=\"whitespace-normal\">S\u00e9bastien Lecornu<\/span><\/span><\/strong> a fermement condamn\u00e9 ces actes, d\u00e9non\u00e7ant une \u00ab banalisation du racisme et des crimes de haine \u00bb.<\/p>\n<h2 data-start=\"2424\" data-end=\"2467\">Un d\u00e9fi majeur pour la soci\u00e9t\u00e9 fran\u00e7aise<\/h2>\n<p data-start=\"2469\" data-end=\"2524\">La mont\u00e9e du racisme pose plusieurs d\u00e9fis \u00e0 la France :<\/p>\n<ul data-start=\"2525\" data-end=\"2719\">\n<li data-start=\"2525\" data-end=\"2582\">Garantir la s\u00e9curit\u00e9 dans une soci\u00e9t\u00e9 multiculturelle<\/li>\n<li data-start=\"2583\" data-end=\"2670\">Trouver l\u2019\u00e9quilibre entre libert\u00e9 d\u2019expression et lutte contre les discours haineux<\/li>\n<li data-start=\"2671\" data-end=\"2719\">Renforcer l\u2019efficacit\u00e9 du syst\u00e8me judiciaire<\/li>\n<\/ul>\n<p data-start=\"2721\" data-end=\"2747\">Les experts recommandent :<\/p>\n<ul data-start=\"2748\" data-end=\"2882\">\n<li data-start=\"2748\" data-end=\"2776\">Un durcissement des lois<\/li>\n<li data-start=\"2777\" data-end=\"2817\">Une sensibilisation accrue du public<\/li>\n<li data-start=\"2818\" data-end=\"2882\">Des sanctions plus s\u00e9v\u00e8res contre les actes discriminatoires<\/li>\n<\/ul>\n<p data-start=\"2899\" data-end=\"3005\">Face \u00e0 la mont\u00e9e du racisme, la France intensifie ses actions tant sur le plan s\u00e9curitaire que l\u00e9gislatif.<\/p>\n<p data-start=\"3007\" data-end=\"3125\">Ces mesures visent \u00e0 prot\u00e9ger les minorit\u00e9s et \u00e0 pr\u00e9server l\u2019unit\u00e9 dans une soci\u00e9t\u00e9 fran\u00e7aise de plus en plus diverse.<\/p>\n","protected":false},"excerpt":{"rendered":"<p>La France face \u00e0 la mont\u00e9e du racisme : renforcement de la s\u00e9curit\u00e9 et du cadre juridique La mont\u00e9e du racisme en France suscite de vives inqui\u00e9tudes, poussant les autorit\u00e9s \u00e0 prendre des mesures fermes pour garantir la s\u00e9curit\u00e9 et prot\u00e9ger les communaut\u00e9s minoritaires. Interdiction d\u2019un rassemblement musulman pour raisons de s\u00e9curit\u00e9 Le 3 avril, [&#8230;]\n","protected":false},"author":3,"featured_media":663,"comment_status":"open","ping_status":"open","sticky":false,"template":"","format":"standard","meta":{"footnotes":""},"categories":[1],"tags":[31],"class_list":["post-662","post","type-post","status-publish","format-standard","has-post-thumbnail","hentry","category-chua-phan-loai","tag-tin-tuc"],"acf":[],"yoast_head":"<!-- This site is optimized with the Yoast SEO Premium plugin v20.13 (Yoast SEO v24.9) - https:\/\/yoast.com\/wordpress\/plugins\/seo\/ -->\n<title>La France face \u00e0 la mont\u00e9e du racisme<\/title>\n<meta name=\"description\" content=\"La mont\u00e9e du racisme en France suscite de vives inqui\u00e9tudes, poussant les autorit\u00e9s \u00e0 prendre des mesures fermes pour garantir...\" \/>\n<meta name=\"robots\" content=\"index, follow, max-snippet:-1, max-image-preview:large, max-video-preview:-1\" \/>\n<link rel=\"canonical\" href=\"https:\/\/indochinapost.com\/fr\/la-france-face-a-la-montee-du-racisme-renforcement-de-la-securite-et-du-cadre-juridique\/\" \/>\n<meta property=\"og:locale\" content=\"vi_VN\" \/>\n<meta property=\"og:type\" content=\"article\" \/>\n<meta property=\"og:title\" content=\"La France face \u00e0 la mont\u00e9e du racisme : renforcement de la s\u00e9curit\u00e9 et du cadre juridique\" \/>\n<meta property=\"og:description\" content=\"La mont\u00e9e du racisme en France suscite de vives inqui\u00e9tudes, poussant les autorit\u00e9s \u00e0 prendre des mesures fermes pour garantir...\" \/>\n<meta property=\"og:url\" content=\"https:\/\/indochinapost.com\/fr\/la-france-face-a-la-montee-du-racisme-renforcement-de-la-securite-et-du-cadre-juridique\/\" \/>\n<meta property=\"og:site_name\" content=\"INDOCHINAPOST FRANCE\" \/>\n<meta property=\"article:published_time\" content=\"2026-04-03T08:27:05+00:00\" \/>\n<meta property=\"og:image\" content=\"https:\/\/indochinapost.com\/fr\/wp-content\/uploads\/2026\/04\/phap-030426-1.jpg\" \/>\n\t<meta property=\"og:image:width\" content=\"665\" \/>\n\t<meta property=\"og:image:height\" content=\"423\" \/>\n\t<meta property=\"og:image:type\" content=\"image\/jpeg\" \/>\n<meta name=\"author\" content=\"tts_hanoi\" \/>\n<meta name=\"twitter:card\" content=\"summary_large_image\" \/>\n<meta name=\"twitter:label1\" content=\"\u0110\u01b0\u1ee3c vi\u1ebft b\u1edfi\" \/>\n\t<meta name=\"twitter:data1\" content=\"tts_hanoi\" \/>\n\t<meta name=\"twitter:label2\" content=\"\u01af\u1edbc t\u00ednh th\u1eddi gian \u0111\u1ecdc\" \/>\n\t<meta name=\"twitter:data2\" content=\"4 ph\u00fat\" \/>\n<script type=\"application\/ld+json\" class=\"yoast-schema-graph\">{\"@context\":\"https:\/\/schema.org\",\"@graph\":[{\"@type\":\"WebPage\",\"@id\":\"https:\/\/indochinapost.com\/fr\/la-france-face-a-la-montee-du-racisme-renforcement-de-la-securite-et-du-cadre-juridique\/\",\"url\":\"https:\/\/indochinapost.com\/fr\/la-france-face-a-la-montee-du-racisme-renforcement-de-la-securite-et-du-cadre-juridique\/\",\"name\":\"La France face \u00e0 la mont\u00e9e du racisme\",\"isPartOf\":{\"@id\":\"https:\/\/indochinapost.com\/fr\/#website\"},\"primaryImageOfPage\":{\"@id\":\"https:\/\/indochinapost.com\/fr\/la-france-face-a-la-montee-du-racisme-renforcement-de-la-securite-et-du-cadre-juridique\/#primaryimage\"},\"image\":{\"@id\":\"https:\/\/indochinapost.com\/fr\/la-france-face-a-la-montee-du-racisme-renforcement-de-la-securite-et-du-cadre-juridique\/#primaryimage\"},\"thumbnailUrl\":\"https:\/\/indochinapost.com\/fr\/wp-content\/uploads\/2026\/04\/phap-030426-1.jpg\",\"datePublished\":\"2026-04-03T08:27:05+00:00\",\"author\":{\"@id\":\"https:\/\/indochinapost.com\/fr\/#\/schema\/person\/10513f60cf1a782735c0300c17f624ce\"},\"description\":\"La mont\u00e9e du racisme en France suscite de vives inqui\u00e9tudes, poussant les autorit\u00e9s \u00e0 prendre des mesures fermes pour garantir...\",\"breadcrumb\":{\"@id\":\"https:\/\/indochinapost.com\/fr\/la-france-face-a-la-montee-du-racisme-renforcement-de-la-securite-et-du-cadre-juridique\/#breadcrumb\"},\"inLanguage\":\"vi\",\"potentialAction\":[{\"@type\":\"ReadAction\",\"target\":[\"https:\/\/indochinapost.com\/fr\/la-france-face-a-la-montee-du-racisme-renforcement-de-la-securite-et-du-cadre-juridique\/\"]}]},{\"@type\":\"ImageObject\",\"inLanguage\":\"vi\",\"@id\":\"https:\/\/indochinapost.com\/fr\/la-france-face-a-la-montee-du-racisme-renforcement-de-la-securite-et-du-cadre-juridique\/#primaryimage\",\"url\":\"https:\/\/indochinapost.com\/fr\/wp-content\/uploads\/2026\/04\/phap-030426-1.jpg\",\"contentUrl\":\"https:\/\/indochinapost.com\/fr\/wp-content\/uploads\/2026\/04\/phap-030426-1.jpg\",\"width\":665,\"height\":423,\"caption\":\"La France face \u00e0 la mont\u00e9e du racisme : renforcement de la s\u00e9curit\u00e9 et du cadre juridique\"},{\"@type\":\"BreadcrumbList\",\"@id\":\"https:\/\/indochinapost.com\/fr\/la-france-face-a-la-montee-du-racisme-renforcement-de-la-securite-et-du-cadre-juridique\/#breadcrumb\",\"itemListElement\":[{\"@type\":\"ListItem\",\"position\":1,\"name\":\"Trang ch\u1ee7\",\"item\":\"https:\/\/indochinapost.com\/fr\/\"},{\"@type\":\"ListItem\",\"position\":2,\"name\":\"La France face \u00e0 la mont\u00e9e du racisme : renforcement de la s\u00e9curit\u00e9 et du cadre juridique\"}]},{\"@type\":\"WebSite\",\"@id\":\"https:\/\/indochinapost.com\/fr\/#website\",\"url\":\"https:\/\/indochinapost.com\/fr\/\",\"name\":\"INDOCHINAPOST FRANCE\",\"description\":\"\",\"potentialAction\":[{\"@type\":\"SearchAction\",\"target\":{\"@type\":\"EntryPoint\",\"urlTemplate\":\"https:\/\/indochinapost.com\/fr\/?s={search_term_string}\"},\"query-input\":{\"@type\":\"PropertyValueSpecification\",\"valueRequired\":true,\"valueName\":\"search_term_string\"}}],\"inLanguage\":\"vi\"},{\"@type\":\"Person\",\"@id\":\"https:\/\/indochinapost.com\/fr\/#\/schema\/person\/10513f60cf1a782735c0300c17f624ce\",\"name\":\"tts_hanoi\",\"image\":{\"@type\":\"ImageObject\",\"inLanguage\":\"vi\",\"@id\":\"https:\/\/indochinapost.com\/fr\/#\/schema\/person\/image\/\",\"url\":\"https:\/\/secure.gravatar.com\/avatar\/2289d79150e1e22d803f7e00e527a5a4d10cebbe749892e954f3747fe6f8415f?s=96&d=mm&r=g\",\"contentUrl\":\"https:\/\/secure.gravatar.com\/avatar\/2289d79150e1e22d803f7e00e527a5a4d10cebbe749892e954f3747fe6f8415f?s=96&d=mm&r=g\",\"caption\":\"tts_hanoi\"},\"url\":\"https:\/\/indochinapost.com\/fr\/author\/tts_hanoi\/\"}]}<\/script>\n<!-- \/ Yoast SEO Premium plugin. -->","yoast_head_json":{"title":"La France face \u00e0 la mont\u00e9e du racisme","description":"La mont\u00e9e du racisme en France suscite de vives inqui\u00e9tudes, poussant les autorit\u00e9s \u00e0 prendre des mesures fermes pour garantir...","robots":{"index":"index","follow":"follow","max-snippet":"max-snippet:-1","max-image-preview":"max-image-preview:large","max-video-preview":"max-video-preview:-1"},"canonical":"https:\/\/indochinapost.com\/fr\/la-france-face-a-la-montee-du-racisme-renforcement-de-la-securite-et-du-cadre-juridique\/","og_locale":"vi_VN","og_type":"article","og_title":"La France face \u00e0 la mont\u00e9e du racisme : renforcement de la s\u00e9curit\u00e9 et du cadre juridique","og_description":"La mont\u00e9e du racisme en France suscite de vives inqui\u00e9tudes, poussant les autorit\u00e9s \u00e0 prendre des mesures fermes pour garantir...","og_url":"https:\/\/indochinapost.com\/fr\/la-france-face-a-la-montee-du-racisme-renforcement-de-la-securite-et-du-cadre-juridique\/","og_site_name":"INDOCHINAPOST FRANCE","article_published_time":"2026-04-03T08:27:05+00:00","og_image":[{"width":665,"height":423,"url":"https:\/\/indochinapost.com\/fr\/wp-content\/uploads\/2026\/04\/phap-030426-1.jpg","type":"image\/jpeg"}],"author":"tts_hanoi","twitter_card":"summary_large_image","twitter_misc":{"\u0110\u01b0\u1ee3c vi\u1ebft b\u1edfi":"tts_hanoi","\u01af\u1edbc t\u00ednh th\u1eddi gian \u0111\u1ecdc":"4 ph\u00fat"},"schema":{"@context":"https:\/\/schema.org","@graph":[{"@type":"WebPage","@id":"https:\/\/indochinapost.com\/fr\/la-france-face-a-la-montee-du-racisme-renforcement-de-la-securite-et-du-cadre-juridique\/","url":"https:\/\/indochinapost.com\/fr\/la-france-face-a-la-montee-du-racisme-renforcement-de-la-securite-et-du-cadre-juridique\/","name":"La France face \u00e0 la mont\u00e9e du racisme","isPartOf":{"@id":"https:\/\/indochinapost.com\/fr\/#website"},"primaryImageOfPage":{"@id":"https:\/\/indochinapost.com\/fr\/la-france-face-a-la-montee-du-racisme-renforcement-de-la-securite-et-du-cadre-juridique\/#primaryimage"},"image":{"@id":"https:\/\/indochinapost.com\/fr\/la-france-face-a-la-montee-du-racisme-renforcement-de-la-securite-et-du-cadre-juridique\/#primaryimage"},"thumbnailUrl":"https:\/\/indochinapost.com\/fr\/wp-content\/uploads\/2026\/04\/phap-030426-1.jpg","datePublished":"2026-04-03T08:27:05+00:00","author":{"@id":"https:\/\/indochinapost.com\/fr\/#\/schema\/person\/10513f60cf1a782735c0300c17f624ce"},"description":"La mont\u00e9e du racisme en France suscite de vives inqui\u00e9tudes, poussant les autorit\u00e9s \u00e0 prendre des mesures fermes pour garantir...","breadcrumb":{"@id":"https:\/\/indochinapost.com\/fr\/la-france-face-a-la-montee-du-racisme-renforcement-de-la-securite-et-du-cadre-juridique\/#breadcrumb"},"inLanguage":"vi","potentialAction":[{"@type":"ReadAction","target":["https:\/\/indochinapost.com\/fr\/la-france-face-a-la-montee-du-racisme-renforcement-de-la-securite-et-du-cadre-juridique\/"]}]},{"@type":"ImageObject","inLanguage":"vi","@id":"https:\/\/indochinapost.com\/fr\/la-france-face-a-la-montee-du-racisme-renforcement-de-la-securite-et-du-cadre-juridique\/#primaryimage","url":"https:\/\/indochinapost.com\/fr\/wp-content\/uploads\/2026\/04\/phap-030426-1.jpg","contentUrl":"https:\/\/indochinapost.com\/fr\/wp-content\/uploads\/2026\/04\/phap-030426-1.jpg","width":665,"height":423,"caption":"La France face \u00e0 la mont\u00e9e du racisme : renforcement de la s\u00e9curit\u00e9 et du cadre juridique"},{"@type":"BreadcrumbList","@id":"https:\/\/indochinapost.com\/fr\/la-france-face-a-la-montee-du-racisme-renforcement-de-la-securite-et-du-cadre-juridique\/#breadcrumb","itemListElement":[{"@type":"ListItem","position":1,"name":"Trang ch\u1ee7","item":"https:\/\/indochinapost.com\/fr\/"},{"@type":"ListItem","position":2,"name":"La France face \u00e0 la mont\u00e9e du racisme : renforcement de la s\u00e9curit\u00e9 et du cadre juridique"}]},{"@type":"WebSite","@id":"https:\/\/indochinapost.com\/fr\/#website","url":"https:\/\/indochinapost.com\/fr\/","name":"INDOCHINAPOST FRANCE","description":"","potentialAction":[{"@type":"SearchAction","target":{"@type":"EntryPoint","urlTemplate":"https:\/\/indochinapost.com\/fr\/?s={search_term_string}"},"query-input":{"@type":"PropertyValueSpecification","valueRequired":true,"valueName":"search_term_string"}}],"inLanguage":"vi"},{"@type":"Person","@id":"https:\/\/indochinapost.com\/fr\/#\/schema\/person\/10513f60cf1a782735c0300c17f624ce","name":"tts_hanoi","image":{"@type":"ImageObject","inLanguage":"vi","@id":"https:\/\/indochinapost.com\/fr\/#\/schema\/person\/image\/","url":"https:\/\/secure.gravatar.com\/avatar\/2289d79150e1e22d803f7e00e527a5a4d10cebbe749892e954f3747fe6f8415f?s=96&d=mm&r=g","contentUrl":"https:\/\/secure.gravatar.com\/avatar\/2289d79150e1e22d803f7e00e527a5a4d10cebbe749892e954f3747fe6f8415f?s=96&d=mm&r=g","caption":"tts_hanoi"},"url":"https:\/\/indochinapost.com\/fr\/author\/tts_hanoi\/"}]}},"_links":{"self":[{"href":"https:\/\/indochinapost.com\/fr\/wp-json\/wp\/v2\/posts\/662","targetHints":{"allow":["GET"]}}],"collection":[{"href":"https:\/\/indochinapost.com\/fr\/wp-json\/wp\/v2\/posts"}],"about":[{"href":"https:\/\/indochinapost.com\/fr\/wp-json\/wp\/v2\/types\/post"}],"author":[{"embeddable":true,"href":"https:\/\/indochinapost.com\/fr\/wp-json\/wp\/v2\/users\/3"}],"replies":[{"embeddable":true,"href":"https:\/\/indochinapost.com\/fr\/wp-json\/wp\/v2\/comments?post=662"}],"version-history":[{"count":1,"href":"https:\/\/indochinapost.com\/fr\/wp-json\/wp\/v2\/posts\/662\/revisions"}],"predecessor-version":[{"id":665,"href":"https:\/\/indochinapost.com\/fr\/wp-json\/wp\/v2\/posts\/662\/revisions\/665"}],"wp:featuredmedia":[{"embeddable":true,"href":"https:\/\/indochinapost.com\/fr\/wp-json\/wp\/v2\/media\/663"}],"wp:attachment":[{"href":"https:\/\/indochinapost.com\/fr\/wp-json\/wp\/v2\/media?parent=662"}],"wp:term":[{"taxonomy":"category","embeddable":true,"href":"https:\/\/indochinapost.com\/fr\/wp-json\/wp\/v2\/categories?post=662"},{"taxonomy":"post_tag","embeddable":true,"href":"https:\/\/indochinapost.com\/fr\/wp-json\/wp\/v2\/tags?post=662"}],"curies":[{"name":"wp","href":"https:\/\/api.w.org\/{rel}","templated":true}]}}