{"id":654,"date":"2026-04-02T04:24:35","date_gmt":"2026-04-02T04:24:35","guid":{"rendered":"https:\/\/indochinapost.com\/fr\/?p=654"},"modified":"2026-04-02T04:24:35","modified_gmt":"2026-04-02T04:24:35","slug":"la-france-accelere-un-projet-de-loi-visant-a-interdire-les-reseaux-sociaux-aux-moins-de-15-ans","status":"publish","type":"post","link":"https:\/\/indochinapost.com\/fr\/la-france-accelere-un-projet-de-loi-visant-a-interdire-les-reseaux-sociaux-aux-moins-de-15-ans\/","title":{"rendered":"La France acc\u00e9l\u00e8re un projet de loi visant \u00e0 interdire les r\u00e9seaux sociaux aux moins de 15 ans"},"content":{"rendered":"\n\n<div class=\"kk-star-ratings kksr-auto kksr-align-left kksr-valign-top\"\n    data-payload='{&quot;align&quot;:&quot;left&quot;,&quot;id&quot;:&quot;654&quot;,&quot;slug&quot;:&quot;default&quot;,&quot;valign&quot;:&quot;top&quot;,&quot;ignore&quot;:&quot;&quot;,&quot;reference&quot;:&quot;auto&quot;,&quot;class&quot;:&quot;&quot;,&quot;count&quot;:&quot;0&quot;,&quot;legendonly&quot;:&quot;&quot;,&quot;readonly&quot;:&quot;&quot;,&quot;score&quot;:&quot;0&quot;,&quot;starsonly&quot;:&quot;&quot;,&quot;best&quot;:&quot;5&quot;,&quot;gap&quot;:&quot;5&quot;,&quot;greet&quot;:&quot;Rate this post&quot;,&quot;legend&quot;:&quot;0\\\/5 - (0 b\u00ecnh ch\u1ecdn)&quot;,&quot;size&quot;:&quot;24&quot;,&quot;title&quot;:&quot;La France acc\u00e9l\u00e8re un projet de loi visant \u00e0 interdire les r\u00e9seaux sociaux aux moins de 15 ans&quot;,&quot;width&quot;:&quot;0&quot;,&quot;_legend&quot;:&quot;{score}\\\/{best} - ({count} {votes})&quot;,&quot;font_factor&quot;:&quot;1.25&quot;}'>\n            \n<div class=\"kksr-stars\">\n    \n<div class=\"kksr-stars-inactive\">\n            <div class=\"kksr-star\" data-star=\"1\" style=\"padding-right: 5px\">\n            \n\n<div class=\"kksr-icon\" style=\"width: 24px; height: 24px;\"><\/div>\n        <\/div>\n            <div class=\"kksr-star\" data-star=\"2\" style=\"padding-right: 5px\">\n            \n\n<div class=\"kksr-icon\" style=\"width: 24px; height: 24px;\"><\/div>\n        <\/div>\n            <div class=\"kksr-star\" data-star=\"3\" style=\"padding-right: 5px\">\n            \n\n<div class=\"kksr-icon\" style=\"width: 24px; height: 24px;\"><\/div>\n        <\/div>\n            <div class=\"kksr-star\" data-star=\"4\" style=\"padding-right: 5px\">\n            \n\n<div class=\"kksr-icon\" style=\"width: 24px; height: 24px;\"><\/div>\n        <\/div>\n            <div class=\"kksr-star\" data-star=\"5\" style=\"padding-right: 5px\">\n            \n\n<div class=\"kksr-icon\" style=\"width: 24px; height: 24px;\"><\/div>\n        <\/div>\n    <\/div>\n    \n<div class=\"kksr-stars-active\" style=\"width: 0px;\">\n            <div class=\"kksr-star\" style=\"padding-right: 5px\">\n            \n\n<div class=\"kksr-icon\" style=\"width: 24px; height: 24px;\"><\/div>\n        <\/div>\n            <div class=\"kksr-star\" style=\"padding-right: 5px\">\n            \n\n<div class=\"kksr-icon\" style=\"width: 24px; height: 24px;\"><\/div>\n        <\/div>\n            <div class=\"kksr-star\" style=\"padding-right: 5px\">\n            \n\n<div class=\"kksr-icon\" style=\"width: 24px; height: 24px;\"><\/div>\n        <\/div>\n            <div class=\"kksr-star\" style=\"padding-right: 5px\">\n            \n\n<div class=\"kksr-icon\" style=\"width: 24px; height: 24px;\"><\/div>\n        <\/div>\n            <div class=\"kksr-star\" style=\"padding-right: 5px\">\n            \n\n<div class=\"kksr-icon\" style=\"width: 24px; height: 24px;\"><\/div>\n        <\/div>\n    <\/div>\n<\/div>\n                \n\n<div class=\"kksr-legend\" style=\"font-size: 19.2px;\">\n            <span class=\"kksr-muted\">Rate this post<\/span>\n    <\/div>\n    <\/div>\n<h1>La France acc\u00e9l\u00e8re un projet de loi visant \u00e0 interdire les r\u00e9seaux sociaux aux moins de 15 ans<\/h1>\n<p>Le gouvernement de <span class=\"hover:entity-accent entity-underline inline cursor-pointer align-baseline\"><span class=\"whitespace-normal\">France<\/span><\/span> renforce ses efforts pour encadrer l\u2019usage des r\u00e9seaux sociaux chez les jeunes, avec un projet de loi interdisant aux moins de 15 ans de s\u2019inscrire et d\u2019utiliser ces plateformes. Cette initiative vise \u00e0 prot\u00e9ger la sant\u00e9 mentale et le d\u00e9veloppement des enfants \u00e0 l\u2019\u00e8re num\u00e9rique.<\/p>\n<figure id=\"attachment_655\" aria-describedby=\"caption-attachment-655\" style=\"width: 969px\" class=\"wp-caption alignleft\"><img loading=\"lazy\" decoding=\"async\" class=\" wp-image-655\" src=\"https:\/\/indochinapost.com\/fr\/wp-content\/uploads\/2026\/04\/mang-xa-hoi.jpg\" alt=\"La France acc\u00e9l\u00e8re un projet de loi visant \u00e0 interdire les r\u00e9seaux sociaux aux moins de 15 ans\" width=\"969\" height=\"647\" srcset=\"https:\/\/indochinapost.com\/fr\/wp-content\/uploads\/2026\/04\/mang-xa-hoi.jpg 820w, https:\/\/indochinapost.com\/fr\/wp-content\/uploads\/2026\/04\/mang-xa-hoi-300x200.jpg 300w, https:\/\/indochinapost.com\/fr\/wp-content\/uploads\/2026\/04\/mang-xa-hoi-768x512.jpg 768w\" sizes=\"auto, (max-width: 969px) 100vw, 969px\" \/><figcaption id=\"caption-attachment-655\" class=\"wp-caption-text\">La France acc\u00e9l\u00e8re un projet de loi visant \u00e0 interdire les r\u00e9seaux sociaux aux moins de 15 ans<\/figcaption><\/figure>\n<h2 data-start=\"525\" data-end=\"589\">Une interdiction des r\u00e9seaux sociaux pour les moins de 15 ans<\/h2>\n<p data-start=\"591\" data-end=\"633\">Selon le projet, les plateformes devront :<\/p>\n<ul data-start=\"635\" data-end=\"769\">\n<li data-start=\"635\" data-end=\"709\">Refuser toute nouvelle inscription aux utilisateurs de moins de 15 ans<\/li>\n<li data-start=\"710\" data-end=\"769\">Suspendre les comptes appartenant \u00e0 cette tranche d\u2019\u00e2ge<\/li>\n<\/ul>\n<p data-start=\"771\" data-end=\"948\">Adopt\u00e9 par l\u2019Assembl\u00e9e nationale en janvier 2026, le texte est actuellement en cours de finalisation apr\u00e8s des amendements apport\u00e9s par le <span class=\"hover:entity-accent entity-underline inline cursor-pointer align-baseline\"><span class=\"whitespace-normal\">S\u00e9nat fran\u00e7ais<\/span><\/span>.<\/p>\n<p data-start=\"950\" data-end=\"1214\">Le pr\u00e9sident <span class=\"hover:entity-accent entity-underline inline cursor-pointer align-baseline\"><span class=\"whitespace-normal\">Emmanuel Macron<\/span><\/span> soutient activement cette mesure, avec l\u2019objectif de faire de la France l\u2019un des premiers pays de <span class=\"hover:entity-accent entity-underline inline cursor-pointer align-baseline\"><span class=\"whitespace-normal\">Union europ\u00e9enne<\/span><\/span> \u00e0 appliquer une r\u00e9glementation stricte sur l\u2019\u00e2ge d\u2019acc\u00e8s aux r\u00e9seaux sociaux.<\/p>\n<h2 data-start=\"1221\" data-end=\"1263\">Les principales modifications du projet<\/h2>\n<p data-start=\"1265\" data-end=\"1293\">La version amend\u00e9e pr\u00e9voit :<\/p>\n<ul data-start=\"1295\" data-end=\"1484\">\n<li data-start=\"1295\" data-end=\"1367\">Une classification des plateformes selon leur impact sur les enfants<\/li>\n<li data-start=\"1368\" data-end=\"1401\">Un contr\u00f4le parental renforc\u00e9<\/li>\n<li data-start=\"1402\" data-end=\"1484\">L\u2019interdiction des t\u00e9l\u00e9phones portables dans les lyc\u00e9es (pr\u00e9vue d\u00e8s septembre)<\/li>\n<\/ul>\n<p data-start=\"1486\" data-end=\"1618\">Cependant, des divergences subsistent entre les deux chambres du Parlement, n\u00e9cessitant une harmonisation avant adoption d\u00e9finitive.<\/p>\n<figure id=\"attachment_656\" aria-describedby=\"caption-attachment-656\" style=\"width: 979px\" class=\"wp-caption alignleft\"><img loading=\"lazy\" decoding=\"async\" class=\" wp-image-656\" src=\"https:\/\/indochinapost.com\/fr\/wp-content\/uploads\/2026\/04\/phap-du-kien-ca-w720t0-di2600d360d4142152t11016l1-phap-mang-xa-ho6.webp\" alt=\"La France acc\u00e9l\u00e8re un projet de loi visant \u00e0 interdire les r\u00e9seaux sociaux aux moins de 15 ans\" width=\"979\" height=\"514\" srcset=\"https:\/\/indochinapost.com\/fr\/wp-content\/uploads\/2026\/04\/phap-du-kien-ca-w720t0-di2600d360d4142152t11016l1-phap-mang-xa-ho6.webp 720w, https:\/\/indochinapost.com\/fr\/wp-content\/uploads\/2026\/04\/phap-du-kien-ca-w720t0-di2600d360d4142152t11016l1-phap-mang-xa-ho6-300x158.webp 300w\" sizes=\"auto, (max-width: 979px) 100vw, 979px\" \/><figcaption id=\"caption-attachment-656\" class=\"wp-caption-text\">La France acc\u00e9l\u00e8re un projet de loi visant \u00e0 interdire les r\u00e9seaux sociaux aux moins de 15 ans<\/figcaption><\/figure>\n<h2 data-start=\"1625\" data-end=\"1670\">Des d\u00e9fis importants pour la mise en \u0153uvre<\/h2>\n<p data-start=\"1672\" data-end=\"1728\">M\u00eame en cas d\u2019adoption, plusieurs obstacles subsistent :<\/p>\n<ul data-start=\"1730\" data-end=\"1958\">\n<li data-start=\"1730\" data-end=\"1825\">L\u2019absence d\u2019un syst\u00e8me fiable de v\u00e9rification de l\u2019\u00e2ge (pr\u00e9vu au niveau europ\u00e9en pour 2027)<\/li>\n<li data-start=\"1826\" data-end=\"1891\">Les risques de contournement via VPN ou nouvelles plateformes<\/li>\n<li data-start=\"1892\" data-end=\"1958\">Le d\u00e9bat sur la responsabilit\u00e9 : utilisateurs ou plateformes ?<\/li>\n<\/ul>\n<p data-start=\"1960\" data-end=\"2180\">Certaines organisations estiment que des applications comme <span class=\"hover:entity-accent entity-underline inline cursor-pointer align-baseline\"><span class=\"whitespace-normal\">TikTok<\/span><\/span>, <span class=\"hover:entity-accent entity-underline inline cursor-pointer align-baseline\"><span class=\"whitespace-normal\">Instagram<\/span><\/span> et <span class=\"hover:entity-accent entity-underline inline cursor-pointer align-baseline\"><span class=\"whitespace-normal\">Snapchat<\/span><\/span> devraient \u00eatre davantage responsabilis\u00e9es.<\/p>\n<h2 data-start=\"2187\" data-end=\"2211\">Une tendance mondiale<\/h2>\n<p data-start=\"2213\" data-end=\"2268\">La France s\u2019inscrit dans une dynamique internationale :<\/p>\n<ul data-start=\"2270\" data-end=\"2633\">\n<li data-start=\"2270\" data-end=\"2365\"><span class=\"hover:entity-accent entity-underline inline cursor-pointer align-baseline\"><span class=\"whitespace-normal\">Australie<\/span><\/span> impose la suppression des comptes des moins de 16 ans<\/li>\n<li data-start=\"2366\" data-end=\"2439\"><span class=\"hover:entity-accent entity-underline inline cursor-pointer align-baseline\"><span class=\"whitespace-normal\">Indon\u00e9sie<\/span><\/span> applique des mesures similaires<\/li>\n<li data-start=\"2440\" data-end=\"2633\">D\u2019autres pays europ\u00e9ens comme <span class=\"hover:entity-accent entity-underline inline cursor-pointer align-baseline\"><span class=\"whitespace-normal\">Autriche<\/span><\/span>, <span class=\"hover:entity-accent entity-underline inline cursor-pointer align-baseline\"><span class=\"whitespace-normal\">Espagne<\/span><\/span> et <span class=\"hover:entity-accent entity-underline inline cursor-pointer align-baseline\"><span class=\"whitespace-normal\">Danemark<\/span><\/span> envisagent \u00e9galement des restrictions<\/li>\n<\/ul>\n<p data-start=\"2635\" data-end=\"2736\">Cette \u00e9volution refl\u00e8te une inqui\u00e9tude croissante face aux effets des r\u00e9seaux sociaux sur les jeunes.<\/p>\n<p data-start=\"2635\" data-end=\"2736\">Avec ce projet de loi, la <span class=\"hover:entity-accent entity-underline inline cursor-pointer align-baseline\"><span class=\"whitespace-normal\">France<\/span><\/span> affiche une volont\u00e9 claire de prot\u00e9ger les mineurs dans l\u2019espace num\u00e9rique. Malgr\u00e9 les d\u00e9fis, cette initiative pourrait ouvrir la voie \u00e0 de nouvelles r\u00e9gulations \u00e0 l\u2019\u00e9chelle europ\u00e9enne et mondiale.<\/p>\n","protected":false},"excerpt":{"rendered":"<p>La France acc\u00e9l\u00e8re un projet de loi visant \u00e0 interdire les r\u00e9seaux sociaux aux moins de 15 ans Le gouvernement de France renforce ses efforts pour encadrer l\u2019usage des r\u00e9seaux sociaux chez les jeunes, avec un projet de loi interdisant aux moins de 15 ans de s\u2019inscrire et d\u2019utiliser ces plateformes. Cette initiative vise \u00e0 [&#8230;]\n","protected":false},"author":3,"featured_media":657,"comment_status":"open","ping_status":"open","sticky":false,"template":"","format":"standard","meta":{"footnotes":""},"categories":[1],"tags":[],"class_list":["post-654","post","type-post","status-publish","format-standard","has-post-thumbnail","hentry","category-chua-phan-loai"],"acf":[],"yoast_head":"<!-- This site is optimized with the Yoast SEO Premium plugin v20.13 (Yoast SEO v24.9) - https:\/\/yoast.com\/wordpress\/plugins\/seo\/ -->\n<title>La France acc\u00e9l\u00e8re un projet de loi contre les r\u00e9seaux sociaux<\/title>\n<meta name=\"description\" content=\"La France acc\u00e9l\u00e8re un projet de loi visant \u00e0 interdire l\u2019utilisation des r\u00e9seaux sociaux aux moins de 15 ans,\" \/>\n<meta name=\"robots\" content=\"index, follow, max-snippet:-1, max-image-preview:large, max-video-preview:-1\" \/>\n<link rel=\"canonical\" href=\"https:\/\/indochinapost.com\/fr\/la-france-accelere-un-projet-de-loi-visant-a-interdire-les-reseaux-sociaux-aux-moins-de-15-ans\/\" \/>\n<meta property=\"og:locale\" content=\"vi_VN\" \/>\n<meta property=\"og:type\" content=\"article\" \/>\n<meta property=\"og:title\" content=\"La France acc\u00e9l\u00e8re un projet de loi visant \u00e0 interdire les r\u00e9seaux sociaux aux moins de 15 ans\" \/>\n<meta property=\"og:description\" content=\"La France acc\u00e9l\u00e8re un projet de loi visant \u00e0 interdire l\u2019utilisation des r\u00e9seaux sociaux aux moins de 15 ans,\" \/>\n<meta property=\"og:url\" content=\"https:\/\/indochinapost.com\/fr\/la-france-accelere-un-projet-de-loi-visant-a-interdire-les-reseaux-sociaux-aux-moins-de-15-ans\/\" \/>\n<meta property=\"og:site_name\" content=\"INDOCHINAPOST FRANCE\" \/>\n<meta property=\"article:published_time\" content=\"2026-04-02T04:24:35+00:00\" \/>\n<meta property=\"og:image\" content=\"https:\/\/indochinapost.com\/fr\/wp-content\/uploads\/2026\/04\/phap-du-kien-ca-w720t0-di2600d360d4142152t11016l1-phap-mang-xa-ho6-1.webp\" \/>\n\t<meta property=\"og:image:width\" content=\"720\" \/>\n\t<meta property=\"og:image:height\" content=\"378\" \/>\n\t<meta property=\"og:image:type\" content=\"image\/webp\" \/>\n<meta name=\"author\" content=\"tts_hanoi\" \/>\n<meta name=\"twitter:card\" content=\"summary_large_image\" \/>\n<meta name=\"twitter:label1\" content=\"\u0110\u01b0\u1ee3c vi\u1ebft b\u1edfi\" \/>\n\t<meta name=\"twitter:data1\" content=\"tts_hanoi\" \/>\n\t<meta name=\"twitter:label2\" content=\"\u01af\u1edbc t\u00ednh th\u1eddi gian \u0111\u1ecdc\" \/>\n\t<meta name=\"twitter:data2\" content=\"3 ph\u00fat\" \/>\n<script type=\"application\/ld+json\" class=\"yoast-schema-graph\">{\"@context\":\"https:\/\/schema.org\",\"@graph\":[{\"@type\":\"WebPage\",\"@id\":\"https:\/\/indochinapost.com\/fr\/la-france-accelere-un-projet-de-loi-visant-a-interdire-les-reseaux-sociaux-aux-moins-de-15-ans\/\",\"url\":\"https:\/\/indochinapost.com\/fr\/la-france-accelere-un-projet-de-loi-visant-a-interdire-les-reseaux-sociaux-aux-moins-de-15-ans\/\",\"name\":\"La France acc\u00e9l\u00e8re un projet de loi contre les r\u00e9seaux sociaux\",\"isPartOf\":{\"@id\":\"https:\/\/indochinapost.com\/fr\/#website\"},\"primaryImageOfPage\":{\"@id\":\"https:\/\/indochinapost.com\/fr\/la-france-accelere-un-projet-de-loi-visant-a-interdire-les-reseaux-sociaux-aux-moins-de-15-ans\/#primaryimage\"},\"image\":{\"@id\":\"https:\/\/indochinapost.com\/fr\/la-france-accelere-un-projet-de-loi-visant-a-interdire-les-reseaux-sociaux-aux-moins-de-15-ans\/#primaryimage\"},\"thumbnailUrl\":\"https:\/\/indochinapost.com\/fr\/wp-content\/uploads\/2026\/04\/phap-du-kien-ca-w720t0-di2600d360d4142152t11016l1-phap-mang-xa-ho6-1.webp\",\"datePublished\":\"2026-04-02T04:24:35+00:00\",\"author\":{\"@id\":\"https:\/\/indochinapost.com\/fr\/#\/schema\/person\/10513f60cf1a782735c0300c17f624ce\"},\"description\":\"La France acc\u00e9l\u00e8re un projet de loi visant \u00e0 interdire l\u2019utilisation des r\u00e9seaux sociaux aux moins de 15 ans,\",\"breadcrumb\":{\"@id\":\"https:\/\/indochinapost.com\/fr\/la-france-accelere-un-projet-de-loi-visant-a-interdire-les-reseaux-sociaux-aux-moins-de-15-ans\/#breadcrumb\"},\"inLanguage\":\"vi\",\"potentialAction\":[{\"@type\":\"ReadAction\",\"target\":[\"https:\/\/indochinapost.com\/fr\/la-france-accelere-un-projet-de-loi-visant-a-interdire-les-reseaux-sociaux-aux-moins-de-15-ans\/\"]}]},{\"@type\":\"ImageObject\",\"inLanguage\":\"vi\",\"@id\":\"https:\/\/indochinapost.com\/fr\/la-france-accelere-un-projet-de-loi-visant-a-interdire-les-reseaux-sociaux-aux-moins-de-15-ans\/#primaryimage\",\"url\":\"https:\/\/indochinapost.com\/fr\/wp-content\/uploads\/2026\/04\/phap-du-kien-ca-w720t0-di2600d360d4142152t11016l1-phap-mang-xa-ho6-1.webp\",\"contentUrl\":\"https:\/\/indochinapost.com\/fr\/wp-content\/uploads\/2026\/04\/phap-du-kien-ca-w720t0-di2600d360d4142152t11016l1-phap-mang-xa-ho6-1.webp\",\"width\":720,\"height\":378,\"caption\":\"La France acc\u00e9l\u00e8re un projet de loi contre les r\u00e9seaux sociaux.\"},{\"@type\":\"BreadcrumbList\",\"@id\":\"https:\/\/indochinapost.com\/fr\/la-france-accelere-un-projet-de-loi-visant-a-interdire-les-reseaux-sociaux-aux-moins-de-15-ans\/#breadcrumb\",\"itemListElement\":[{\"@type\":\"ListItem\",\"position\":1,\"name\":\"Trang ch\u1ee7\",\"item\":\"https:\/\/indochinapost.com\/fr\/\"},{\"@type\":\"ListItem\",\"position\":2,\"name\":\"La France acc\u00e9l\u00e8re un projet de loi visant \u00e0 interdire les r\u00e9seaux sociaux aux moins de 15 ans\"}]},{\"@type\":\"WebSite\",\"@id\":\"https:\/\/indochinapost.com\/fr\/#website\",\"url\":\"https:\/\/indochinapost.com\/fr\/\",\"name\":\"INDOCHINAPOST FRANCE\",\"description\":\"\",\"potentialAction\":[{\"@type\":\"SearchAction\",\"target\":{\"@type\":\"EntryPoint\",\"urlTemplate\":\"https:\/\/indochinapost.com\/fr\/?s={search_term_string}\"},\"query-input\":{\"@type\":\"PropertyValueSpecification\",\"valueRequired\":true,\"valueName\":\"search_term_string\"}}],\"inLanguage\":\"vi\"},{\"@type\":\"Person\",\"@id\":\"https:\/\/indochinapost.com\/fr\/#\/schema\/person\/10513f60cf1a782735c0300c17f624ce\",\"name\":\"tts_hanoi\",\"image\":{\"@type\":\"ImageObject\",\"inLanguage\":\"vi\",\"@id\":\"https:\/\/indochinapost.com\/fr\/#\/schema\/person\/image\/\",\"url\":\"https:\/\/secure.gravatar.com\/avatar\/2289d79150e1e22d803f7e00e527a5a4d10cebbe749892e954f3747fe6f8415f?s=96&d=mm&r=g\",\"contentUrl\":\"https:\/\/secure.gravatar.com\/avatar\/2289d79150e1e22d803f7e00e527a5a4d10cebbe749892e954f3747fe6f8415f?s=96&d=mm&r=g\",\"caption\":\"tts_hanoi\"},\"url\":\"https:\/\/indochinapost.com\/fr\/author\/tts_hanoi\/\"}]}<\/script>\n<!-- \/ Yoast SEO Premium plugin. -->","yoast_head_json":{"title":"La France acc\u00e9l\u00e8re un projet de loi contre les r\u00e9seaux sociaux","description":"La France acc\u00e9l\u00e8re un projet de loi visant \u00e0 interdire l\u2019utilisation des r\u00e9seaux sociaux aux moins de 15 ans,","robots":{"index":"index","follow":"follow","max-snippet":"max-snippet:-1","max-image-preview":"max-image-preview:large","max-video-preview":"max-video-preview:-1"},"canonical":"https:\/\/indochinapost.com\/fr\/la-france-accelere-un-projet-de-loi-visant-a-interdire-les-reseaux-sociaux-aux-moins-de-15-ans\/","og_locale":"vi_VN","og_type":"article","og_title":"La France acc\u00e9l\u00e8re un projet de loi visant \u00e0 interdire les r\u00e9seaux sociaux aux moins de 15 ans","og_description":"La France acc\u00e9l\u00e8re un projet de loi visant \u00e0 interdire l\u2019utilisation des r\u00e9seaux sociaux aux moins de 15 ans,","og_url":"https:\/\/indochinapost.com\/fr\/la-france-accelere-un-projet-de-loi-visant-a-interdire-les-reseaux-sociaux-aux-moins-de-15-ans\/","og_site_name":"INDOCHINAPOST FRANCE","article_published_time":"2026-04-02T04:24:35+00:00","og_image":[{"width":720,"height":378,"url":"https:\/\/indochinapost.com\/fr\/wp-content\/uploads\/2026\/04\/phap-du-kien-ca-w720t0-di2600d360d4142152t11016l1-phap-mang-xa-ho6-1.webp","type":"image\/webp"}],"author":"tts_hanoi","twitter_card":"summary_large_image","twitter_misc":{"\u0110\u01b0\u1ee3c vi\u1ebft b\u1edfi":"tts_hanoi","\u01af\u1edbc t\u00ednh th\u1eddi gian \u0111\u1ecdc":"3 ph\u00fat"},"schema":{"@context":"https:\/\/schema.org","@graph":[{"@type":"WebPage","@id":"https:\/\/indochinapost.com\/fr\/la-france-accelere-un-projet-de-loi-visant-a-interdire-les-reseaux-sociaux-aux-moins-de-15-ans\/","url":"https:\/\/indochinapost.com\/fr\/la-france-accelere-un-projet-de-loi-visant-a-interdire-les-reseaux-sociaux-aux-moins-de-15-ans\/","name":"La France acc\u00e9l\u00e8re un projet de loi contre les r\u00e9seaux sociaux","isPartOf":{"@id":"https:\/\/indochinapost.com\/fr\/#website"},"primaryImageOfPage":{"@id":"https:\/\/indochinapost.com\/fr\/la-france-accelere-un-projet-de-loi-visant-a-interdire-les-reseaux-sociaux-aux-moins-de-15-ans\/#primaryimage"},"image":{"@id":"https:\/\/indochinapost.com\/fr\/la-france-accelere-un-projet-de-loi-visant-a-interdire-les-reseaux-sociaux-aux-moins-de-15-ans\/#primaryimage"},"thumbnailUrl":"https:\/\/indochinapost.com\/fr\/wp-content\/uploads\/2026\/04\/phap-du-kien-ca-w720t0-di2600d360d4142152t11016l1-phap-mang-xa-ho6-1.webp","datePublished":"2026-04-02T04:24:35+00:00","author":{"@id":"https:\/\/indochinapost.com\/fr\/#\/schema\/person\/10513f60cf1a782735c0300c17f624ce"},"description":"La France acc\u00e9l\u00e8re un projet de loi visant \u00e0 interdire l\u2019utilisation des r\u00e9seaux sociaux aux moins de 15 ans,","breadcrumb":{"@id":"https:\/\/indochinapost.com\/fr\/la-france-accelere-un-projet-de-loi-visant-a-interdire-les-reseaux-sociaux-aux-moins-de-15-ans\/#breadcrumb"},"inLanguage":"vi","potentialAction":[{"@type":"ReadAction","target":["https:\/\/indochinapost.com\/fr\/la-france-accelere-un-projet-de-loi-visant-a-interdire-les-reseaux-sociaux-aux-moins-de-15-ans\/"]}]},{"@type":"ImageObject","inLanguage":"vi","@id":"https:\/\/indochinapost.com\/fr\/la-france-accelere-un-projet-de-loi-visant-a-interdire-les-reseaux-sociaux-aux-moins-de-15-ans\/#primaryimage","url":"https:\/\/indochinapost.com\/fr\/wp-content\/uploads\/2026\/04\/phap-du-kien-ca-w720t0-di2600d360d4142152t11016l1-phap-mang-xa-ho6-1.webp","contentUrl":"https:\/\/indochinapost.com\/fr\/wp-content\/uploads\/2026\/04\/phap-du-kien-ca-w720t0-di2600d360d4142152t11016l1-phap-mang-xa-ho6-1.webp","width":720,"height":378,"caption":"La France acc\u00e9l\u00e8re un projet de loi contre les r\u00e9seaux sociaux."},{"@type":"BreadcrumbList","@id":"https:\/\/indochinapost.com\/fr\/la-france-accelere-un-projet-de-loi-visant-a-interdire-les-reseaux-sociaux-aux-moins-de-15-ans\/#breadcrumb","itemListElement":[{"@type":"ListItem","position":1,"name":"Trang ch\u1ee7","item":"https:\/\/indochinapost.com\/fr\/"},{"@type":"ListItem","position":2,"name":"La France acc\u00e9l\u00e8re un projet de loi visant \u00e0 interdire les r\u00e9seaux sociaux aux moins de 15 ans"}]},{"@type":"WebSite","@id":"https:\/\/indochinapost.com\/fr\/#website","url":"https:\/\/indochinapost.com\/fr\/","name":"INDOCHINAPOST FRANCE","description":"","potentialAction":[{"@type":"SearchAction","target":{"@type":"EntryPoint","urlTemplate":"https:\/\/indochinapost.com\/fr\/?s={search_term_string}"},"query-input":{"@type":"PropertyValueSpecification","valueRequired":true,"valueName":"search_term_string"}}],"inLanguage":"vi"},{"@type":"Person","@id":"https:\/\/indochinapost.com\/fr\/#\/schema\/person\/10513f60cf1a782735c0300c17f624ce","name":"tts_hanoi","image":{"@type":"ImageObject","inLanguage":"vi","@id":"https:\/\/indochinapost.com\/fr\/#\/schema\/person\/image\/","url":"https:\/\/secure.gravatar.com\/avatar\/2289d79150e1e22d803f7e00e527a5a4d10cebbe749892e954f3747fe6f8415f?s=96&d=mm&r=g","contentUrl":"https:\/\/secure.gravatar.com\/avatar\/2289d79150e1e22d803f7e00e527a5a4d10cebbe749892e954f3747fe6f8415f?s=96&d=mm&r=g","caption":"tts_hanoi"},"url":"https:\/\/indochinapost.com\/fr\/author\/tts_hanoi\/"}]}},"_links":{"self":[{"href":"https:\/\/indochinapost.com\/fr\/wp-json\/wp\/v2\/posts\/654","targetHints":{"allow":["GET"]}}],"collection":[{"href":"https:\/\/indochinapost.com\/fr\/wp-json\/wp\/v2\/posts"}],"about":[{"href":"https:\/\/indochinapost.com\/fr\/wp-json\/wp\/v2\/types\/post"}],"author":[{"embeddable":true,"href":"https:\/\/indochinapost.com\/fr\/wp-json\/wp\/v2\/users\/3"}],"replies":[{"embeddable":true,"href":"https:\/\/indochinapost.com\/fr\/wp-json\/wp\/v2\/comments?post=654"}],"version-history":[{"count":1,"href":"https:\/\/indochinapost.com\/fr\/wp-json\/wp\/v2\/posts\/654\/revisions"}],"predecessor-version":[{"id":658,"href":"https:\/\/indochinapost.com\/fr\/wp-json\/wp\/v2\/posts\/654\/revisions\/658"}],"wp:featuredmedia":[{"embeddable":true,"href":"https:\/\/indochinapost.com\/fr\/wp-json\/wp\/v2\/media\/657"}],"wp:attachment":[{"href":"https:\/\/indochinapost.com\/fr\/wp-json\/wp\/v2\/media?parent=654"}],"wp:term":[{"taxonomy":"category","embeddable":true,"href":"https:\/\/indochinapost.com\/fr\/wp-json\/wp\/v2\/categories?post=654"},{"taxonomy":"post_tag","embeddable":true,"href":"https:\/\/indochinapost.com\/fr\/wp-json\/wp\/v2\/tags?post=654"}],"curies":[{"name":"wp","href":"https:\/\/api.w.org\/{rel}","templated":true}]}}