{"id":409,"date":"2025-09-09T04:34:18","date_gmt":"2025-09-09T04:34:18","guid":{"rendered":"https:\/\/indochinapost.com\/fr\/?p=409"},"modified":"2025-12-23T06:47:18","modified_gmt":"2025-12-23T06:47:18","slug":"strasbourg-coeur-de-lalsace-et-capitale-europeenne","status":"publish","type":"post","link":"https:\/\/indochinapost.com\/fr\/strasbourg-coeur-de-lalsace-et-capitale-europeenne\/","title":{"rendered":"Strasbourg \u2013 C\u0153ur de l\u2019Alsace et capitale europ\u00e9enne"},"content":{"rendered":"\n\n<div class=\"kk-star-ratings kksr-auto kksr-align-left kksr-valign-top\"\n    data-payload='{&quot;align&quot;:&quot;left&quot;,&quot;id&quot;:&quot;409&quot;,&quot;slug&quot;:&quot;default&quot;,&quot;valign&quot;:&quot;top&quot;,&quot;ignore&quot;:&quot;&quot;,&quot;reference&quot;:&quot;auto&quot;,&quot;class&quot;:&quot;&quot;,&quot;count&quot;:&quot;0&quot;,&quot;legendonly&quot;:&quot;&quot;,&quot;readonly&quot;:&quot;&quot;,&quot;score&quot;:&quot;0&quot;,&quot;starsonly&quot;:&quot;&quot;,&quot;best&quot;:&quot;5&quot;,&quot;gap&quot;:&quot;5&quot;,&quot;greet&quot;:&quot;Rate this post&quot;,&quot;legend&quot;:&quot;0\\\/5 - (0 b\u00ecnh ch\u1ecdn)&quot;,&quot;size&quot;:&quot;24&quot;,&quot;title&quot;:&quot;Strasbourg \u2013 C\u0153ur de l\u2019Alsace et capitale europ\u00e9enne&quot;,&quot;width&quot;:&quot;0&quot;,&quot;_legend&quot;:&quot;{score}\\\/{best} - ({count} {votes})&quot;,&quot;font_factor&quot;:&quot;1.25&quot;}'>\n            \n<div class=\"kksr-stars\">\n    \n<div class=\"kksr-stars-inactive\">\n            <div class=\"kksr-star\" data-star=\"1\" style=\"padding-right: 5px\">\n            \n\n<div class=\"kksr-icon\" style=\"width: 24px; height: 24px;\"><\/div>\n        <\/div>\n            <div class=\"kksr-star\" data-star=\"2\" style=\"padding-right: 5px\">\n            \n\n<div class=\"kksr-icon\" style=\"width: 24px; height: 24px;\"><\/div>\n        <\/div>\n            <div class=\"kksr-star\" data-star=\"3\" style=\"padding-right: 5px\">\n            \n\n<div class=\"kksr-icon\" style=\"width: 24px; height: 24px;\"><\/div>\n        <\/div>\n            <div class=\"kksr-star\" data-star=\"4\" style=\"padding-right: 5px\">\n            \n\n<div class=\"kksr-icon\" style=\"width: 24px; height: 24px;\"><\/div>\n        <\/div>\n            <div class=\"kksr-star\" data-star=\"5\" style=\"padding-right: 5px\">\n            \n\n<div class=\"kksr-icon\" style=\"width: 24px; height: 24px;\"><\/div>\n        <\/div>\n    <\/div>\n    \n<div class=\"kksr-stars-active\" style=\"width: 0px;\">\n            <div class=\"kksr-star\" style=\"padding-right: 5px\">\n            \n\n<div class=\"kksr-icon\" style=\"width: 24px; height: 24px;\"><\/div>\n        <\/div>\n            <div class=\"kksr-star\" style=\"padding-right: 5px\">\n            \n\n<div class=\"kksr-icon\" style=\"width: 24px; height: 24px;\"><\/div>\n        <\/div>\n            <div class=\"kksr-star\" style=\"padding-right: 5px\">\n            \n\n<div class=\"kksr-icon\" style=\"width: 24px; height: 24px;\"><\/div>\n        <\/div>\n            <div class=\"kksr-star\" style=\"padding-right: 5px\">\n            \n\n<div class=\"kksr-icon\" style=\"width: 24px; height: 24px;\"><\/div>\n        <\/div>\n            <div class=\"kksr-star\" style=\"padding-right: 5px\">\n            \n\n<div class=\"kksr-icon\" style=\"width: 24px; height: 24px;\"><\/div>\n        <\/div>\n    <\/div>\n<\/div>\n                \n\n<div class=\"kksr-legend\" style=\"font-size: 19.2px;\">\n            <span class=\"kksr-muted\">Rate this post<\/span>\n    <\/div>\n    <\/div>\n<h1 data-start=\"212\" data-end=\"268\">Strasbourg \u2013 C\u0153ur de l\u2019Alsace et capitale europ\u00e9enne<\/h1>\n<h2 data-start=\"270\" data-end=\"287\">Introduction<\/h2>\n<p data-start=\"288\" data-end=\"587\">Situ\u00e9e \u00e0 la fronti\u00e8re entre la France et l\u2019Allemagne, <strong data-start=\"342\" data-end=\"356\">Strasbourg<\/strong> est une ville unique o\u00f9 s\u2019entrem\u00ealent cultures, langues et traditions. Capitale de la r\u00e9gion <strong data-start=\"450\" data-end=\"460\">Alsace<\/strong> et si\u00e8ge officiel du <strong data-start=\"482\" data-end=\"504\">Parlement europ\u00e9en<\/strong>, elle incarne \u00e0 la fois l\u2019histoire mouvement\u00e9e de l\u2019Europe et son avenir commun.<\/p>\n<p data-start=\"589\" data-end=\"876\">Avec son <strong data-start=\"598\" data-end=\"660\">centre historique class\u00e9 au patrimoine mondial de l\u2019UNESCO<\/strong>, sa <strong data-start=\"665\" data-end=\"700\">cath\u00e9drale gothique majestueuse<\/strong>, ses quartiers pittoresques comme la <strong data-start=\"738\" data-end=\"755\">Petite France<\/strong>, et sa gastronomie alsacienne r\u00e9put\u00e9e, Strasbourg attire chaque ann\u00e9e des millions de visiteurs venus du monde entier.<\/p>\n<hr data-start=\"878\" data-end=\"881\" \/>\n<h2 data-start=\"883\" data-end=\"910\">Histoire et patrimoine<\/h2>\n<h3 data-start=\"912\" data-end=\"938\">Une ville mill\u00e9naire<\/h3>\n<p data-start=\"939\" data-end=\"1189\">Fond\u00e9e \u00e0 l\u2019\u00e9poque romaine sous le nom d\u2019<strong data-start=\"979\" data-end=\"995\">Argentoratum<\/strong>, Strasbourg a travers\u00e9 les si\u00e8cles en tant que carrefour commercial et culturel. Successivement allemande et fran\u00e7aise, la ville a forg\u00e9 une identit\u00e9 unique, m\u00e9lange subtil des deux cultures.<\/p>\n<h3 data-start=\"1191\" data-end=\"1228\">Strasbourg, capitale europ\u00e9enne<\/h3>\n<p data-start=\"1229\" data-end=\"1398\">Apr\u00e8s la Seconde Guerre mondiale, Strasbourg a \u00e9t\u00e9 choisie comme symbole de r\u00e9conciliation et de coop\u00e9ration entre les peuples europ\u00e9ens. Aujourd\u2019hui, elle accueille :<\/p>\n<ul data-start=\"1399\" data-end=\"1511\">\n<li data-start=\"1399\" data-end=\"1429\">\n<p data-start=\"1401\" data-end=\"1429\">Le <strong data-start=\"1404\" data-end=\"1426\">Parlement europ\u00e9en<\/strong>.<\/p>\n<\/li>\n<li data-start=\"1430\" data-end=\"1461\">\n<p data-start=\"1432\" data-end=\"1461\">Le <strong data-start=\"1435\" data-end=\"1458\">Conseil de l\u2019Europe<\/strong>.<\/p>\n<\/li>\n<li data-start=\"1462\" data-end=\"1511\">\n<p data-start=\"1464\" data-end=\"1511\">La <strong data-start=\"1467\" data-end=\"1508\">Cour europ\u00e9enne des droits de l\u2019homme<\/strong>.<\/p>\n<\/li>\n<\/ul>\n<hr data-start=\"1513\" data-end=\"1516\" \/>\n<h2 data-start=\"1518\" data-end=\"1557\">Monuments et sites incontournables<\/h2>\n<h3 data-start=\"1559\" data-end=\"1603\">La cath\u00e9drale Notre-Dame de Strasbourg<\/h3>\n<p data-start=\"1604\" data-end=\"1800\">Chef-d\u2019\u0153uvre du gothique, la <strong data-start=\"1633\" data-end=\"1658\">cath\u00e9drale Notre-Dame<\/strong> domine la ville de sa fl\u00e8che de 142 m\u00e8tres. Son horloge astronomique, sa rosace et sa fa\u00e7ade richement sculpt\u00e9e \u00e9merveillent les visiteurs.<\/p>\n<h3 data-start=\"1802\" data-end=\"1824\">La Petite France<\/h3>\n<p data-start=\"1825\" data-end=\"2076\">Quartier embl\u00e9matique de Strasbourg, la <strong data-start=\"1865\" data-end=\"1882\">Petite France<\/strong> est c\u00e9l\u00e8bre pour ses maisons \u00e0 colombages, ses canaux et ses ruelles pav\u00e9es. Autrefois quartier des tanneurs et des p\u00eacheurs, c\u2019est aujourd\u2019hui l\u2019un des lieux les plus photographi\u00e9s d\u2019Alsace.<\/p>\n<h3 data-start=\"2078\" data-end=\"2097\">La Grande \u00cele<\/h3>\n<p data-start=\"2098\" data-end=\"2174\">Inscrite \u00e0 l\u2019UNESCO, la <strong data-start=\"2122\" data-end=\"2136\">Grande \u00cele<\/strong> regroupe les principaux monuments :<\/p>\n<ul data-start=\"2175\" data-end=\"2269\">\n<li data-start=\"2175\" data-end=\"2193\">\n<p data-start=\"2177\" data-end=\"2193\">La cath\u00e9drale.<\/p>\n<\/li>\n<li data-start=\"2194\" data-end=\"2214\">\n<p data-start=\"2196\" data-end=\"2214\">Le Palais Rohan.<\/p>\n<\/li>\n<li data-start=\"2215\" data-end=\"2269\">\n<p data-start=\"2217\" data-end=\"2269\">Les \u00e9glises Saint-Thomas et Saint-Pierre-le-Jeune.<\/p>\n<\/li>\n<\/ul>\n<h3 data-start=\"2271\" data-end=\"2305\">Les institutions europ\u00e9ennes<\/h3>\n<figure style=\"width: 1200px\" class=\"wp-caption aligncenter\"><img loading=\"lazy\" decoding=\"async\" class=\"Strasbourg \u2013 C\u0153ur de l\u2019Alsace et capitale europ\u00e9enne\" title=\"Strasbourg \u2013 C\u0153ur de l\u2019Alsace et capitale europ\u00e9enne\" src=\"https:\/\/franceadventurer.com\/wp-content\/uploads\/2024\/10\/petite-france-Passerelle-des-Anciennes-Glacieres-maison-des-tanneurs-strasbourg-france-2.jpg\" alt=\"Strasbourg \u2013 C\u0153ur de l\u2019Alsace et capitale europ\u00e9enne\" width=\"1200\" height=\"900\" \/><figcaption class=\"wp-caption-text\">Strasbourg \u2013 C\u0153ur de l\u2019Alsace et capitale europ\u00e9enne<\/figcaption><\/figure>\n<p data-start=\"2306\" data-end=\"2428\">Les b\u00e2timents modernes du <strong data-start=\"2332\" data-end=\"2353\">quartier europ\u00e9en<\/strong> symbolisent la place de Strasbourg comme capitale politique de l\u2019Europe.<\/p>\n<hr data-start=\"2430\" data-end=\"2433\" \/>\n<h2 data-start=\"2435\" data-end=\"2461\">Culture et traditions<\/h2>\n<h3 data-start=\"2463\" data-end=\"2498\">Une identit\u00e9 franco-allemande<\/h3>\n<p data-start=\"2499\" data-end=\"2649\">Strasbourg incarne un <strong data-start=\"2521\" data-end=\"2546\">m\u00e9lange culturel rare<\/strong>, o\u00f9 l\u2019architecture, la langue et les traditions refl\u00e8tent \u00e0 la fois l\u2019h\u00e9ritage fran\u00e7ais et allemand.<\/p>\n<h3 data-start=\"2651\" data-end=\"2671\">Mus\u00e9es et arts<\/h3>\n<p data-start=\"2672\" data-end=\"2716\">La ville compte de nombreux mus\u00e9es, dont :<\/p>\n<ul data-start=\"2717\" data-end=\"2870\">\n<li data-start=\"2717\" data-end=\"2764\">\n<p data-start=\"2719\" data-end=\"2764\">Le <strong data-start=\"2722\" data-end=\"2761\">Mus\u00e9e d\u2019Art moderne et contemporain<\/strong>.<\/p>\n<\/li>\n<li data-start=\"2765\" data-end=\"2827\">\n<p data-start=\"2767\" data-end=\"2827\">Le <strong data-start=\"2770\" data-end=\"2788\">Mus\u00e9e Alsacien<\/strong>, consacr\u00e9 aux traditions r\u00e9gionales.<\/p>\n<\/li>\n<li data-start=\"2828\" data-end=\"2870\">\n<p data-start=\"2830\" data-end=\"2870\">Le <strong data-start=\"2833\" data-end=\"2867\">Mus\u00e9e historique de Strasbourg<\/strong>.<\/p>\n<\/li>\n<\/ul>\n<h3 data-start=\"2872\" data-end=\"2901\">Festivals et \u00e9v\u00e9nements<\/h3>\n<ul data-start=\"2902\" data-end=\"3113\">\n<li data-start=\"2902\" data-end=\"2984\">\n<p data-start=\"2904\" data-end=\"2984\"><strong data-start=\"2904\" data-end=\"2936\">March\u00e9 de No\u00ebl de Strasbourg<\/strong> : l\u2019un des plus anciens et c\u00e9l\u00e8bres d\u2019Europe.<\/p>\n<\/li>\n<li data-start=\"2985\" data-end=\"3044\">\n<p data-start=\"2987\" data-end=\"3044\"><strong data-start=\"2987\" data-end=\"3006\">Festival Musica<\/strong> : d\u00e9di\u00e9 \u00e0 la musique contemporaine.<\/p>\n<\/li>\n<li data-start=\"3045\" data-end=\"3113\">\n<p data-start=\"3047\" data-end=\"3113\"><strong data-start=\"3047\" data-end=\"3068\">Nuits europ\u00e9ennes<\/strong> : \u00e9v\u00e9nement culturel et artistique majeur.<\/p>\n<\/li>\n<\/ul>\n<hr data-start=\"3115\" data-end=\"3118\" \/>\n<h2 data-start=\"3120\" data-end=\"3152\">Gastronomie strasbourgeoise<\/h2>\n<p data-start=\"3154\" data-end=\"3242\">Strasbourg est un v\u00e9ritable paradis pour les gourmets. Parmi les sp\u00e9cialit\u00e9s locales :<\/p>\n<ul data-start=\"3243\" data-end=\"3649\">\n<li data-start=\"3243\" data-end=\"3335\">\n<p data-start=\"3245\" data-end=\"3335\"><strong data-start=\"3245\" data-end=\"3269\">La choucroute garnie<\/strong> : plat embl\u00e9matique \u00e0 base de chou ferment\u00e9 et de charcuteries.<\/p>\n<\/li>\n<li data-start=\"3336\" data-end=\"3424\">\n<p data-start=\"3338\" data-end=\"3424\"><strong data-start=\"3338\" data-end=\"3373\">La tarte flamb\u00e9e (flammekueche)<\/strong> : p\u00e2te fine garnie de cr\u00e8me, oignons et lardons.<\/p>\n<\/li>\n<li data-start=\"3425\" data-end=\"3493\">\n<p data-start=\"3427\" data-end=\"3493\"><strong data-start=\"3427\" data-end=\"3444\">Le baeckeoffe<\/strong> : rago\u00fbt mijot\u00e9 de viandes et pommes de terre.<\/p>\n<\/li>\n<li data-start=\"3494\" data-end=\"3559\">\n<p data-start=\"3496\" data-end=\"3559\"><strong data-start=\"3496\" data-end=\"3512\">Les bretzels<\/strong> : incontournables dans les rues de la ville.<\/p>\n<\/li>\n<li data-start=\"3560\" data-end=\"3649\">\n<figure style=\"width: 1240px\" class=\"wp-caption aligncenter\"><img loading=\"lazy\" decoding=\"async\" class=\"Strasbourg \u2013 C\u0153ur de l\u2019Alsace et capitale europ\u00e9enne\" title=\"Strasbourg \u2013 C\u0153ur de l\u2019Alsace et capitale europ\u00e9enne\" src=\"https:\/\/wanderyourway.com\/wp-content\/uploads\/2024\/08\/2024-Germany-191.jpg\" alt=\"Strasbourg \u2013 C\u0153ur de l\u2019Alsace et capitale europ\u00e9enne\" width=\"1240\" height=\"849\" \/><figcaption class=\"wp-caption-text\">Strasbourg \u2013 C\u0153ur de l\u2019Alsace et capitale europ\u00e9enne<\/figcaption><\/figure>\n<p data-start=\"3562\" data-end=\"3649\"><strong data-start=\"3562\" data-end=\"3583\">Les vins d\u2019Alsace<\/strong> et la bi\u00e8re artisanale compl\u00e8tent cette richesse gastronomique.<\/p>\n<\/li>\n<\/ul>\n<hr data-start=\"3651\" data-end=\"3654\" \/>\n<h2 data-start=\"3656\" data-end=\"3678\">Nature et d\u00e9tente<\/h2>\n<h3 data-start=\"3680\" data-end=\"3704\">Les bords de l\u2019Ill<\/h3>\n<p data-start=\"3705\" data-end=\"3821\">La rivi\u00e8re <strong data-start=\"3716\" data-end=\"3723\">Ill<\/strong> traverse Strasbourg et offre de charmantes promenades en bateau ou \u00e0 v\u00e9lo le long de ses rives.<\/p>\n<h3 data-start=\"3823\" data-end=\"3849\">Les parcs et jardins<\/h3>\n<ul data-start=\"3850\" data-end=\"4035\">\n<li data-start=\"3850\" data-end=\"3919\">\n<p data-start=\"3852\" data-end=\"3919\"><strong data-start=\"3852\" data-end=\"3875\">Parc de l\u2019Orangerie<\/strong> : id\u00e9al pour les familles et les balades.<\/p>\n<\/li>\n<li data-start=\"3920\" data-end=\"4035\">\n<p data-start=\"3922\" data-end=\"4035\"><strong data-start=\"3922\" data-end=\"3947\">Jardin des Deux Rives<\/strong> : symbole de l\u2019amiti\u00e9 franco-allemande, reliant Strasbourg \u00e0 Kehl par une passerelle.<\/p>\n<\/li>\n<\/ul>\n<hr data-start=\"4037\" data-end=\"4040\" \/>\n<h2 data-start=\"4042\" data-end=\"4087\">Strasbourg, ville \u00e9tudiante et innovante<\/h2>\n<p data-start=\"4089\" data-end=\"4291\">Avec plus de <strong data-start=\"4102\" data-end=\"4122\">60 000 \u00e9tudiants<\/strong>, Strasbourg est une <strong data-start=\"4143\" data-end=\"4176\">ville universitaire dynamique<\/strong>. Elle abrite une universit\u00e9 historique fond\u00e9e en 1538 et r\u00e9put\u00e9e pour ses recherches scientifiques et m\u00e9dicales.<\/p>\n<p data-start=\"4293\" data-end=\"4451\">La ville se distingue aussi par ses p\u00f4les d\u2019innovation, notamment dans les domaines de la <strong data-start=\"4383\" data-end=\"4401\">biotechnologie<\/strong>, de l\u2019<strong data-start=\"4408\" data-end=\"4422\">ing\u00e9nierie<\/strong> et de l\u2019<strong data-start=\"4431\" data-end=\"4448\">environnement<\/strong>.<\/p>\n<hr data-start=\"4453\" data-end=\"4456\" \/>\n<h2 data-start=\"4458\" data-end=\"4485\">Informations pratiques<\/h2>\n<h3 data-start=\"4487\" data-end=\"4498\">Acc\u00e8s<\/h3>\n<ul data-start=\"4499\" data-end=\"4675\">\n<li data-start=\"4499\" data-end=\"4549\">\n<p data-start=\"4501\" data-end=\"4549\"><strong data-start=\"4501\" data-end=\"4513\">En train<\/strong> : TGV direct depuis Paris (1h45).<\/p>\n<\/li>\n<li data-start=\"4550\" data-end=\"4601\">\n<p data-start=\"4552\" data-end=\"4601\"><strong data-start=\"4552\" data-end=\"4564\">En avion<\/strong> : A\u00e9roport de Strasbourg-Entzheim.<\/p>\n<\/li>\n<li data-start=\"4602\" data-end=\"4675\">\n<p data-start=\"4604\" data-end=\"4675\"><strong data-start=\"4604\" data-end=\"4618\">En voiture<\/strong> : Autoroute A35 reliant l\u2019Alsace au reste de l\u2019Europe.<\/p>\n<\/li>\n<\/ul>\n<h3 data-start=\"4677\" data-end=\"4713\">Meilleure p\u00e9riode pour visiter<\/h3>\n<ul data-start=\"4714\" data-end=\"4887\">\n<li data-start=\"4714\" data-end=\"4782\">\n<p data-start=\"4716\" data-end=\"4782\"><strong data-start=\"4716\" data-end=\"4736\">Printemps et \u00e9t\u00e9<\/strong> : climat agr\u00e9able et nombreuses animations.<\/p>\n<\/li>\n<li data-start=\"4783\" data-end=\"4832\">\n<p data-start=\"4785\" data-end=\"4832\"><strong data-start=\"4785\" data-end=\"4796\">Automne<\/strong> : charme des vignobles alsaciens.<\/p>\n<\/li>\n<li data-start=\"4833\" data-end=\"4887\">\n<figure style=\"width: 750px\" class=\"wp-caption aligncenter\"><img loading=\"lazy\" decoding=\"async\" class=\"Strasbourg \u2013 C\u0153ur de l\u2019Alsace et capitale europ\u00e9enne\" title=\"Strasbourg \u2013 C\u0153ur de l\u2019Alsace et capitale europ\u00e9enne\" src=\"https:\/\/www.amawaterways.com\/Assets\/Connections\/Thumb\/connections_strasbourg_christmas.jpg\" alt=\"Strasbourg \u2013 C\u0153ur de l\u2019Alsace et capitale europ\u00e9enne\" width=\"750\" height=\"555\" \/><figcaption class=\"wp-caption-text\">Strasbourg \u2013 C\u0153ur de l\u2019Alsace et capitale europ\u00e9enne<\/figcaption><\/figure>\n<p data-start=\"4835\" data-end=\"4887\"><strong data-start=\"4835\" data-end=\"4844\">Hiver<\/strong> : atmosph\u00e8re f\u00e9erique du march\u00e9 de No\u00ebl.<\/p>\n<\/li>\n<\/ul>\n<hr data-start=\"4889\" data-end=\"4892\" \/>\n<h2 data-start=\"4894\" data-end=\"4909\">Conclusion<\/h2>\n<p data-start=\"4910\" data-end=\"5389\">\u00c0 la crois\u00e9e des cultures, <strong data-start=\"4937\" data-end=\"4951\">Strasbourg<\/strong> est bien plus qu\u2019une ville fran\u00e7aise : c\u2019est une <strong data-start=\"5001\" data-end=\"5024\">capitale europ\u00e9enne<\/strong>, un <strong data-start=\"5029\" data-end=\"5049\">joyau historique<\/strong> et un <strong data-start=\"5056\" data-end=\"5101\">centre de vie culturelle et gastronomique<\/strong>. Entre la majestueuse cath\u00e9drale, les ruelles de la Petite France, les institutions europ\u00e9ennes et l\u2019accueil chaleureux des Alsaciens, Strasbourg s\u00e9duit \u00e0 la fois les voyageurs en qu\u00eate d\u2019histoire, les amoureux de la gastronomie et les curieux d\u00e9sireux de comprendre l\u2019\u00e2me de l\u2019Europe.<\/p>\n<hr data-start=\"5391\" data-end=\"5394\" \/>\n<p data-start=\"5396\" data-end=\"5598\">\ud83d\udccc <strong data-start=\"5399\" data-end=\"5425\">Mots-cl\u00e9s SEO sugg\u00e9r\u00e9s<\/strong> : visiter Strasbourg, cath\u00e9drale Notre-Dame Strasbourg, Petite France Strasbourg, march\u00e9 de No\u00ebl Strasbourg, capitale europ\u00e9enne, tourisme Alsace, gastronomie alsacienne.<\/p>\n<p><strong>\u00c0 consulter \u00e9galement :<\/strong><\/p>\n<p><a href=\"https:\/\/indochinapost.com\/fr\/expediez-vos-sacs-en-tissu-brode-de-lang-son-vers-le-luxembourg-avec-indochinapost\/\">Exp\u00e9diez vos sacs en tissu brod\u00e9 de L\u1ea1ng S\u01a1n vers le Luxembourg avec IndochinaPost<\/a>,<\/p>\n<p><a href=\"https:\/\/indochinapost.com\/fr\/expedition-de-chaussures-de-hanoi-vers-la-france-a-prix-abordable\/\">Exp\u00e9dition de chaussures de Hano\u00ef vers la France \u00e0 prix\u00a0<\/a>abordable,<\/p>\n<p><a href=\"https:\/\/indochinapost.com\/fr\/service-de-transport-aerien-pour-lenvoi-darticles-menagers-de-hanoi-vers-la-france-rapide-fiable-au-meilleur-prix\/\">Service de Transport A\u00e9rien pour l&#8217;Envoi d&#8217;Articles M\u00e9nagers de Hano\u00ef vers la France<\/a><\/p>\n","protected":false},"excerpt":{"rendered":"<p>Strasbourg \u2013 C\u0153ur de l\u2019Alsace et capitale europ\u00e9enne Introduction Situ\u00e9e \u00e0 la fronti\u00e8re entre la France et l\u2019Allemagne, Strasbourg est une ville unique o\u00f9 s\u2019entrem\u00ealent cultures, langues et traditions. Capitale de la r\u00e9gion Alsace et si\u00e8ge officiel du Parlement europ\u00e9en, elle incarne \u00e0 la fois l\u2019histoire mouvement\u00e9e de l\u2019Europe et son avenir commun. Avec son [&#8230;]\n","protected":false},"author":2,"featured_media":410,"comment_status":"open","ping_status":"open","sticky":false,"template":"","format":"standard","meta":{"footnotes":""},"categories":[2,4,3],"tags":[],"class_list":["post-409","post","type-post","status-publish","format-standard","has-post-thumbnail","hentry","category-gui-hang-hoa-di-phap","category-tin-tuc-phap","category-van-chuyen-hang-hoa-di-quoc-te"],"acf":[],"yoast_head":"<!-- This site is optimized with the Yoast SEO Premium plugin v20.13 (Yoast SEO v24.9) - https:\/\/yoast.com\/wordpress\/plugins\/seo\/ -->\n<title>Strasbourg \u2013 C\u0153ur de l\u2019Alsace et capitale europ\u00e9enne - INDOCHINAPOST FRANCE<\/title>\n<meta name=\"description\" content=\"Strasbourg \u2013 C\u0153ur de l\u2019Alsace et capitale europ\u00e9enne\" \/>\n<meta name=\"robots\" content=\"index, follow, max-snippet:-1, max-image-preview:large, max-video-preview:-1\" \/>\n<link rel=\"canonical\" href=\"https:\/\/indochinapost.com\/fr\/strasbourg-coeur-de-lalsace-et-capitale-europeenne\/\" \/>\n<meta property=\"og:locale\" content=\"vi_VN\" \/>\n<meta property=\"og:type\" content=\"article\" \/>\n<meta property=\"og:title\" content=\"Strasbourg \u2013 C\u0153ur de l\u2019Alsace et capitale europ\u00e9enne\" \/>\n<meta property=\"og:description\" content=\"Strasbourg \u2013 C\u0153ur de l\u2019Alsace et capitale europ\u00e9enne\" \/>\n<meta property=\"og:url\" content=\"https:\/\/indochinapost.com\/fr\/strasbourg-coeur-de-lalsace-et-capitale-europeenne\/\" \/>\n<meta property=\"og:site_name\" content=\"INDOCHINAPOST FRANCE\" \/>\n<meta property=\"article:published_time\" content=\"2025-09-09T04:34:18+00:00\" \/>\n<meta property=\"article:modified_time\" content=\"2025-12-23T06:47:18+00:00\" \/>\n<meta property=\"og:image\" content=\"https:\/\/indochinapost.com\/fr\/wp-content\/uploads\/2025\/09\/Strasbourg-\u2013-Coeur-de-lAlsace-et-capitale-europeenne.webp\" \/>\n\t<meta property=\"og:image:width\" content=\"1000\" \/>\n\t<meta property=\"og:image:height\" content=\"504\" \/>\n\t<meta property=\"og:image:type\" content=\"image\/webp\" \/>\n<meta name=\"author\" content=\"EuHN1\" \/>\n<meta name=\"twitter:card\" content=\"summary_large_image\" \/>\n<meta name=\"twitter:label1\" content=\"\u0110\u01b0\u1ee3c vi\u1ebft b\u1edfi\" \/>\n\t<meta name=\"twitter:data1\" content=\"EuHN1\" \/>\n\t<meta name=\"twitter:label2\" content=\"\u01af\u1edbc t\u00ednh th\u1eddi gian \u0111\u1ecdc\" \/>\n\t<meta name=\"twitter:data2\" content=\"6 ph\u00fat\" \/>\n<script type=\"application\/ld+json\" class=\"yoast-schema-graph\">{\"@context\":\"https:\/\/schema.org\",\"@graph\":[{\"@type\":\"WebPage\",\"@id\":\"https:\/\/indochinapost.com\/fr\/strasbourg-coeur-de-lalsace-et-capitale-europeenne\/\",\"url\":\"https:\/\/indochinapost.com\/fr\/strasbourg-coeur-de-lalsace-et-capitale-europeenne\/\",\"name\":\"Strasbourg \u2013 C\u0153ur de l\u2019Alsace et capitale europ\u00e9enne - INDOCHINAPOST FRANCE\",\"isPartOf\":{\"@id\":\"https:\/\/indochinapost.com\/fr\/#website\"},\"primaryImageOfPage\":{\"@id\":\"https:\/\/indochinapost.com\/fr\/strasbourg-coeur-de-lalsace-et-capitale-europeenne\/#primaryimage\"},\"image\":{\"@id\":\"https:\/\/indochinapost.com\/fr\/strasbourg-coeur-de-lalsace-et-capitale-europeenne\/#primaryimage\"},\"thumbnailUrl\":\"https:\/\/indochinapost.com\/fr\/wp-content\/uploads\/2025\/09\/Strasbourg-\u2013-Coeur-de-lAlsace-et-capitale-europeenne.webp\",\"datePublished\":\"2025-09-09T04:34:18+00:00\",\"dateModified\":\"2025-12-23T06:47:18+00:00\",\"author\":{\"@id\":\"https:\/\/indochinapost.com\/fr\/#\/schema\/person\/5e4d3996759fbbef25bfa308da944ba3\"},\"description\":\"Strasbourg \u2013 C\u0153ur de l\u2019Alsace et capitale europ\u00e9enne\",\"breadcrumb\":{\"@id\":\"https:\/\/indochinapost.com\/fr\/strasbourg-coeur-de-lalsace-et-capitale-europeenne\/#breadcrumb\"},\"inLanguage\":\"vi\",\"potentialAction\":[{\"@type\":\"ReadAction\",\"target\":[\"https:\/\/indochinapost.com\/fr\/strasbourg-coeur-de-lalsace-et-capitale-europeenne\/\"]}]},{\"@type\":\"ImageObject\",\"inLanguage\":\"vi\",\"@id\":\"https:\/\/indochinapost.com\/fr\/strasbourg-coeur-de-lalsace-et-capitale-europeenne\/#primaryimage\",\"url\":\"https:\/\/indochinapost.com\/fr\/wp-content\/uploads\/2025\/09\/Strasbourg-\u2013-Coeur-de-lAlsace-et-capitale-europeenne.webp\",\"contentUrl\":\"https:\/\/indochinapost.com\/fr\/wp-content\/uploads\/2025\/09\/Strasbourg-\u2013-Coeur-de-lAlsace-et-capitale-europeenne.webp\",\"width\":1000,\"height\":504,\"caption\":\"Strasbourg \u2013 C\u0153ur de l\u2019Alsace et capitale europ\u00e9enne\"},{\"@type\":\"BreadcrumbList\",\"@id\":\"https:\/\/indochinapost.com\/fr\/strasbourg-coeur-de-lalsace-et-capitale-europeenne\/#breadcrumb\",\"itemListElement\":[{\"@type\":\"ListItem\",\"position\":1,\"name\":\"Trang ch\u1ee7\",\"item\":\"https:\/\/indochinapost.com\/fr\/\"},{\"@type\":\"ListItem\",\"position\":2,\"name\":\"Strasbourg \u2013 C\u0153ur de l\u2019Alsace et capitale europ\u00e9enne\"}]},{\"@type\":\"WebSite\",\"@id\":\"https:\/\/indochinapost.com\/fr\/#website\",\"url\":\"https:\/\/indochinapost.com\/fr\/\",\"name\":\"INDOCHINAPOST FRANCE\",\"description\":\"\",\"potentialAction\":[{\"@type\":\"SearchAction\",\"target\":{\"@type\":\"EntryPoint\",\"urlTemplate\":\"https:\/\/indochinapost.com\/fr\/?s={search_term_string}\"},\"query-input\":{\"@type\":\"PropertyValueSpecification\",\"valueRequired\":true,\"valueName\":\"search_term_string\"}}],\"inLanguage\":\"vi\"},{\"@type\":\"Person\",\"@id\":\"https:\/\/indochinapost.com\/fr\/#\/schema\/person\/5e4d3996759fbbef25bfa308da944ba3\",\"name\":\"EuHN1\",\"image\":{\"@type\":\"ImageObject\",\"inLanguage\":\"vi\",\"@id\":\"https:\/\/indochinapost.com\/fr\/#\/schema\/person\/image\/\",\"url\":\"https:\/\/secure.gravatar.com\/avatar\/9f7019a89e6e18d823fbe5a5a68c92644cdca91d260c52c763fe5364cbf5ef03?s=96&d=mm&r=g\",\"contentUrl\":\"https:\/\/secure.gravatar.com\/avatar\/9f7019a89e6e18d823fbe5a5a68c92644cdca91d260c52c763fe5364cbf5ef03?s=96&d=mm&r=g\",\"caption\":\"EuHN1\"},\"url\":\"https:\/\/indochinapost.com\/fr\/author\/euhn1\/\"}]}<\/script>\n<!-- \/ Yoast SEO Premium plugin. -->","yoast_head_json":{"title":"Strasbourg \u2013 C\u0153ur de l\u2019Alsace et capitale europ\u00e9enne - INDOCHINAPOST FRANCE","description":"Strasbourg \u2013 C\u0153ur de l\u2019Alsace et capitale europ\u00e9enne","robots":{"index":"index","follow":"follow","max-snippet":"max-snippet:-1","max-image-preview":"max-image-preview:large","max-video-preview":"max-video-preview:-1"},"canonical":"https:\/\/indochinapost.com\/fr\/strasbourg-coeur-de-lalsace-et-capitale-europeenne\/","og_locale":"vi_VN","og_type":"article","og_title":"Strasbourg \u2013 C\u0153ur de l\u2019Alsace et capitale europ\u00e9enne","og_description":"Strasbourg \u2013 C\u0153ur de l\u2019Alsace et capitale europ\u00e9enne","og_url":"https:\/\/indochinapost.com\/fr\/strasbourg-coeur-de-lalsace-et-capitale-europeenne\/","og_site_name":"INDOCHINAPOST FRANCE","article_published_time":"2025-09-09T04:34:18+00:00","article_modified_time":"2025-12-23T06:47:18+00:00","og_image":[{"width":1000,"height":504,"url":"https:\/\/indochinapost.com\/fr\/wp-content\/uploads\/2025\/09\/Strasbourg-\u2013-Coeur-de-lAlsace-et-capitale-europeenne.webp","type":"image\/webp"}],"author":"EuHN1","twitter_card":"summary_large_image","twitter_misc":{"\u0110\u01b0\u1ee3c vi\u1ebft b\u1edfi":"EuHN1","\u01af\u1edbc t\u00ednh th\u1eddi gian \u0111\u1ecdc":"6 ph\u00fat"},"schema":{"@context":"https:\/\/schema.org","@graph":[{"@type":"WebPage","@id":"https:\/\/indochinapost.com\/fr\/strasbourg-coeur-de-lalsace-et-capitale-europeenne\/","url":"https:\/\/indochinapost.com\/fr\/strasbourg-coeur-de-lalsace-et-capitale-europeenne\/","name":"Strasbourg \u2013 C\u0153ur de l\u2019Alsace et capitale europ\u00e9enne - INDOCHINAPOST FRANCE","isPartOf":{"@id":"https:\/\/indochinapost.com\/fr\/#website"},"primaryImageOfPage":{"@id":"https:\/\/indochinapost.com\/fr\/strasbourg-coeur-de-lalsace-et-capitale-europeenne\/#primaryimage"},"image":{"@id":"https:\/\/indochinapost.com\/fr\/strasbourg-coeur-de-lalsace-et-capitale-europeenne\/#primaryimage"},"thumbnailUrl":"https:\/\/indochinapost.com\/fr\/wp-content\/uploads\/2025\/09\/Strasbourg-\u2013-Coeur-de-lAlsace-et-capitale-europeenne.webp","datePublished":"2025-09-09T04:34:18+00:00","dateModified":"2025-12-23T06:47:18+00:00","author":{"@id":"https:\/\/indochinapost.com\/fr\/#\/schema\/person\/5e4d3996759fbbef25bfa308da944ba3"},"description":"Strasbourg \u2013 C\u0153ur de l\u2019Alsace et capitale europ\u00e9enne","breadcrumb":{"@id":"https:\/\/indochinapost.com\/fr\/strasbourg-coeur-de-lalsace-et-capitale-europeenne\/#breadcrumb"},"inLanguage":"vi","potentialAction":[{"@type":"ReadAction","target":["https:\/\/indochinapost.com\/fr\/strasbourg-coeur-de-lalsace-et-capitale-europeenne\/"]}]},{"@type":"ImageObject","inLanguage":"vi","@id":"https:\/\/indochinapost.com\/fr\/strasbourg-coeur-de-lalsace-et-capitale-europeenne\/#primaryimage","url":"https:\/\/indochinapost.com\/fr\/wp-content\/uploads\/2025\/09\/Strasbourg-\u2013-Coeur-de-lAlsace-et-capitale-europeenne.webp","contentUrl":"https:\/\/indochinapost.com\/fr\/wp-content\/uploads\/2025\/09\/Strasbourg-\u2013-Coeur-de-lAlsace-et-capitale-europeenne.webp","width":1000,"height":504,"caption":"Strasbourg \u2013 C\u0153ur de l\u2019Alsace et capitale europ\u00e9enne"},{"@type":"BreadcrumbList","@id":"https:\/\/indochinapost.com\/fr\/strasbourg-coeur-de-lalsace-et-capitale-europeenne\/#breadcrumb","itemListElement":[{"@type":"ListItem","position":1,"name":"Trang ch\u1ee7","item":"https:\/\/indochinapost.com\/fr\/"},{"@type":"ListItem","position":2,"name":"Strasbourg \u2013 C\u0153ur de l\u2019Alsace et capitale europ\u00e9enne"}]},{"@type":"WebSite","@id":"https:\/\/indochinapost.com\/fr\/#website","url":"https:\/\/indochinapost.com\/fr\/","name":"INDOCHINAPOST FRANCE","description":"","potentialAction":[{"@type":"SearchAction","target":{"@type":"EntryPoint","urlTemplate":"https:\/\/indochinapost.com\/fr\/?s={search_term_string}"},"query-input":{"@type":"PropertyValueSpecification","valueRequired":true,"valueName":"search_term_string"}}],"inLanguage":"vi"},{"@type":"Person","@id":"https:\/\/indochinapost.com\/fr\/#\/schema\/person\/5e4d3996759fbbef25bfa308da944ba3","name":"EuHN1","image":{"@type":"ImageObject","inLanguage":"vi","@id":"https:\/\/indochinapost.com\/fr\/#\/schema\/person\/image\/","url":"https:\/\/secure.gravatar.com\/avatar\/9f7019a89e6e18d823fbe5a5a68c92644cdca91d260c52c763fe5364cbf5ef03?s=96&d=mm&r=g","contentUrl":"https:\/\/secure.gravatar.com\/avatar\/9f7019a89e6e18d823fbe5a5a68c92644cdca91d260c52c763fe5364cbf5ef03?s=96&d=mm&r=g","caption":"EuHN1"},"url":"https:\/\/indochinapost.com\/fr\/author\/euhn1\/"}]}},"_links":{"self":[{"href":"https:\/\/indochinapost.com\/fr\/wp-json\/wp\/v2\/posts\/409","targetHints":{"allow":["GET"]}}],"collection":[{"href":"https:\/\/indochinapost.com\/fr\/wp-json\/wp\/v2\/posts"}],"about":[{"href":"https:\/\/indochinapost.com\/fr\/wp-json\/wp\/v2\/types\/post"}],"author":[{"embeddable":true,"href":"https:\/\/indochinapost.com\/fr\/wp-json\/wp\/v2\/users\/2"}],"replies":[{"embeddable":true,"href":"https:\/\/indochinapost.com\/fr\/wp-json\/wp\/v2\/comments?post=409"}],"version-history":[{"count":1,"href":"https:\/\/indochinapost.com\/fr\/wp-json\/wp\/v2\/posts\/409\/revisions"}],"predecessor-version":[{"id":411,"href":"https:\/\/indochinapost.com\/fr\/wp-json\/wp\/v2\/posts\/409\/revisions\/411"}],"wp:featuredmedia":[{"embeddable":true,"href":"https:\/\/indochinapost.com\/fr\/wp-json\/wp\/v2\/media\/410"}],"wp:attachment":[{"href":"https:\/\/indochinapost.com\/fr\/wp-json\/wp\/v2\/media?parent=409"}],"wp:term":[{"taxonomy":"category","embeddable":true,"href":"https:\/\/indochinapost.com\/fr\/wp-json\/wp\/v2\/categories?post=409"},{"taxonomy":"post_tag","embeddable":true,"href":"https:\/\/indochinapost.com\/fr\/wp-json\/wp\/v2\/tags?post=409"}],"curies":[{"name":"wp","href":"https:\/\/api.w.org\/{rel}","templated":true}]}}